{"id":1327,"date":"2019-04-27T20:30:47","date_gmt":"2019-04-27T18:30:47","guid":{"rendered":"http:\/\/cd67tt.com\/?p=1327"},"modified":"2019-05-21T13:40:49","modified_gmt":"2019-05-21T11:40:49","slug":"inter-comites-2019-a-charleville-mezieres","status":"publish","type":"post","link":"https:\/\/cd67tt.com\/index.php\/2019\/04\/27\/inter-comites-2019-a-charleville-mezieres\/","title":{"rendered":"Inter Comit\u00e9s 2019 \u00e0 Charleville-M\u00e9zi\u00e8res"},"content":{"rendered":"\n<p class=\"has-background has-very-light-gray-background-color\">Le 25-26 mai prochain auront lieu les Intercomit\u00e9s \u00e0 Charleville-M\u00e9zi\u00e8res. Le CDTT67 engage 2 \u00e9quipes \u00e0 cette occasion.<\/p>\n\n\n\n<h4 class=\"wp-block-heading\">Joueurs s\u00e9lectionn\u00e9s<\/h4>\n\n\n\n<h4 class=\"wp-block-heading\">Equipe 1<\/h4>\n\n\n\n<table class=\"wp-block-table\"><tbody><tr><td>Benjamine<\/td><td>Elena DORN<\/td><td>ZORN TT HOCHFELDEN<\/td><\/tr><tr><td>Minime Fille<\/td><td>Lucie GOESEL<\/td><td>SD DORLISHEIM<\/td><\/tr><tr><td>Cadette<\/td><td>M\u00e9lissa DORN<\/td><td>ZORN TT HOCHFELDEN<\/td><\/tr><tr><td>Poussin<\/td><td>Samuel SEYNAT<\/td><td>SU SCHILTIGHEIM TT<\/td><\/tr><tr><td>Benjamin<\/td><td>Ma\u00ebl MULLER<\/td><td>ZORN TT HOCHFELDEN<\/td><\/tr><tr><td>Minime Gar\u00e7on<\/td><td>Valentin CELIKKAYA-SCHAEFFER<\/td><td>LAURENTIA BENFELD<\/td><\/tr><tr><td>Cadet<\/td><td>Hugo KOEHL<\/td><td>TT HAGUENAU<\/td><\/tr><\/tbody><\/table>\n\n\n\n<p><em>Coachs : Alexandra BURRUS &#8211; Robin LESCOUT<\/em><\/p>\n\n\n\n<h4 class=\"wp-block-heading\">Equipe 2<\/h4>\n\n\n\n<table class=\"wp-block-table\"><tbody><tr><td>Benjamine<\/td><td>Emilie REIBEL<\/td><td>LAURENTIA BENFELD<\/td><\/tr><tr><td>Minime Fille<\/td><td>Cylaine BLUM LETIEC<\/td><td>SD DORLISHEIM<\/td><\/tr><tr><td>Cadette<\/td><td>Lucie DORFFER<\/td><td>CSCSN SCHIRRHEIN SCHIRRHOFFEN<\/td><\/tr><tr><td>Poussin<\/td><td>Lucas SIMON<\/td><td>TT HAGUENAU<\/td><\/tr><tr><td>Benjamin<\/td><td>Romain LEBEAU<\/td><td>TT HAGUENAU<\/td><\/tr><tr><td>Minime Gar\u00e7on<\/td><td>Milo CALVAR<\/td><td>SU SCHILTIGHEIM TT<\/td><\/tr><tr><td>Cadet<\/td><td>Th\u00e9o THEVENOT<\/td><td>TT HAGUENAU<\/td><\/tr><\/tbody><\/table>\n\n\n\n<p><em>Coachs : Eric DORN &#8211; Julien SIMON<\/em><\/p>\n\n\n\n<p>D\u00e9l\u00e9gu\u00e9 : Marc FRIANT<\/p>\n","protected":false},"excerpt":{"rendered":"<p>Le 25-26 mai prochain auront lieu les Intercomit\u00e9s \u00e0 Charleville-M\u00e9zi\u00e8res. Le CDTT67 engage 2 \u00e9quipes \u00e0 cette occasion.<\/p>\n","protected":false},"author":2,"featured_media":1328,"comment_status":"open","ping_status":"open","sticky":false,"template":"","format":"standard","meta":{"footnotes":""},"categories":[18],"tags":[],"class_list":["post-1327","post","type-post","status-publish","format-standard","has-post-thumbnail","hentry","category-intercomite"],"_links":{"self":[{"href":"https:\/\/cd67tt.com\/index.php\/wp-json\/wp\/v2\/posts\/1327","targetHints":{"allow":["GET"]}}],"collection":[{"href":"https:\/\/cd67tt.com\/index.php\/wp-json\/wp\/v2\/posts"}],"about":[{"href":"https:\/\/cd67tt.com\/index.php\/wp-json\/wp\/v2\/types\/post"}],"author":[{"embeddable":true,"href":"https:\/\/cd67tt.com\/index.php\/wp-json\/wp\/v2\/users\/2"}],"replies":[{"embeddable":true,"href":"https:\/\/cd67tt.com\/index.php\/wp-json\/wp\/v2\/comments?post=1327"}],"version-history":[{"count":0,"href":"https:\/\/cd67tt.com\/index.php\/wp-json\/wp\/v2\/posts\/1327\/revisions"}],"wp:featuredmedia":[{"embeddable":true,"href":"https:\/\/cd67tt.com\/index.php\/wp-json\/wp\/v2\/media\/1328"}],"wp:attachment":[{"href":"https:\/\/cd67tt.com\/index.php\/wp-json\/wp\/v2\/media?parent=1327"}],"wp:term":[{"taxonomy":"category","embeddable":true,"href":"https:\/\/cd67tt.com\/index.php\/wp-json\/wp\/v2\/categories?post=1327"},{"taxonomy":"post_tag","embeddable":true,"href":"https:\/\/cd67tt.com\/index.php\/wp-json\/wp\/v2\/tags?post=1327"}],"curies":[{"name":"wp","href":"https:\/\/api.w.org\/{rel}","templated":true}]}}