{"id":1792,"date":"2019-09-23T13:49:06","date_gmt":"2019-09-23T11:49:06","guid":{"rendered":"http:\/\/cd67tt.com\/?p=1792"},"modified":"2019-09-23T13:49:22","modified_gmt":"2019-09-23T11:49:22","slug":"assemblee-generale-2019-convocation","status":"publish","type":"post","link":"https:\/\/cd67tt.com\/index.php\/2019\/09\/23\/assemblee-generale-2019-convocation\/","title":{"rendered":"Assembl\u00e9e G\u00e9n\u00e9rale 2019 &#8211; Convocation"},"content":{"rendered":"\n<p>Veuillez trouver ci-joint la convocation pour l\u2019Assembl\u00e9e G\u00e9n\u00e9rale Statutaire qui aura lieu le <strong>8 octobre 2019<\/strong> \u00e0 <strong>GRIESHEIM S\/SOUFFEL.<\/strong><\/p>\n\n\n\n<p>Dans l\u2019attente de vous rencontrer.<\/p>\n\n\n\n<p>Salutations Sportives<\/p>\n\n\n\n<p><em>Vice-Pr\u00e9sident<\/em><\/p>\n\n\n\n<p><em>Michel GROSS<\/em><\/p>\n\n\n\n<hr class=\"wp-block-separator\"\/>\n\n\n\n<div class=\"wp-block-file\"><a href=\"https:\/\/cd67tt.com\/wp-content\/uploads\/2019\/09\/1-conv-AG-CDTT67-08-oct-2019.pdf\">1-conv-AG-CDTT67-08-oct-2019<\/a><a href=\"https:\/\/cd67tt.com\/wp-content\/uploads\/2019\/09\/1-conv-AG-CDTT67-08-oct-2019.pdf\" class=\"wp-block-file__button\" download>T\u00e9l\u00e9charger<\/a><\/div>\n\n\n\n<div class=\"wp-block-file\"><a href=\"https:\/\/cd67tt.com\/wp-content\/uploads\/2019\/09\/2-CDTT67-Statuts-ajustes-oct-2019-1-1.pdf\">2-CDTT67-Statuts-ajustes-oct-2019-1-1<\/a><a href=\"https:\/\/cd67tt.com\/wp-content\/uploads\/2019\/09\/2-CDTT67-Statuts-ajustes-oct-2019-1-1.pdf\" class=\"wp-block-file__button\" download>T\u00e9l\u00e9charger<\/a><\/div>\n\n\n\n<div class=\"wp-block-file\"><a href=\"https:\/\/cd67tt.com\/wp-content\/uploads\/2019\/09\/3-CDTT67-RI-ajuste-oct-19-1-1.pdf\">3-CDTT67-RI-ajuste-oct-19-1-1<\/a><a href=\"https:\/\/cd67tt.com\/wp-content\/uploads\/2019\/09\/3-CDTT67-RI-ajuste-oct-19-1-1.pdf\" class=\"wp-block-file__button\" download>T\u00e9l\u00e9charger<\/a><\/div>\n\n\n\n<div class=\"wp-block-file\"><a href=\"https:\/\/cd67tt.com\/wp-content\/uploads\/2019\/09\/4-Bilan-1.pdf\">4-Bilan-1<\/a><a href=\"https:\/\/cd67tt.com\/wp-content\/uploads\/2019\/09\/4-Bilan-1.pdf\" class=\"wp-block-file__button\" download>T\u00e9l\u00e9charger<\/a><\/div>\n\n\n\n<div class=\"wp-block-file\"><a href=\"https:\/\/cd67tt.com\/wp-content\/uploads\/2019\/09\/5-Compte-dexploitation-1.pdf\">5-Compte-dexploitation-1<\/a><a href=\"https:\/\/cd67tt.com\/wp-content\/uploads\/2019\/09\/5-Compte-dexploitation-1.pdf\" class=\"wp-block-file__button\" download>T\u00e9l\u00e9charger<\/a><\/div>\n","protected":false},"excerpt":{"rendered":"<p>Veuillez trouver ci-joint la convocation pour l\u2019Assembl\u00e9e G\u00e9n\u00e9rale Statutaire qui aura lieu le 8 octobre 2019 \u00e0 GRIESHEIM S\/SOUFFEL.<\/p>\n","protected":false},"author":2,"featured_media":1793,"comment_status":"open","ping_status":"open","sticky":false,"template":"","format":"standard","meta":{"footnotes":""},"categories":[6],"tags":[],"class_list":["post-1792","post","type-post","status-publish","format-standard","has-post-thumbnail","hentry","category-assemblee-generale"],"_links":{"self":[{"href":"https:\/\/cd67tt.com\/index.php\/wp-json\/wp\/v2\/posts\/1792","targetHints":{"allow":["GET"]}}],"collection":[{"href":"https:\/\/cd67tt.com\/index.php\/wp-json\/wp\/v2\/posts"}],"about":[{"href":"https:\/\/cd67tt.com\/index.php\/wp-json\/wp\/v2\/types\/post"}],"author":[{"embeddable":true,"href":"https:\/\/cd67tt.com\/index.php\/wp-json\/wp\/v2\/users\/2"}],"replies":[{"embeddable":true,"href":"https:\/\/cd67tt.com\/index.php\/wp-json\/wp\/v2\/comments?post=1792"}],"version-history":[{"count":0,"href":"https:\/\/cd67tt.com\/index.php\/wp-json\/wp\/v2\/posts\/1792\/revisions"}],"wp:featuredmedia":[{"embeddable":true,"href":"https:\/\/cd67tt.com\/index.php\/wp-json\/wp\/v2\/media\/1793"}],"wp:attachment":[{"href":"https:\/\/cd67tt.com\/index.php\/wp-json\/wp\/v2\/media?parent=1792"}],"wp:term":[{"taxonomy":"category","embeddable":true,"href":"https:\/\/cd67tt.com\/index.php\/wp-json\/wp\/v2\/categories?post=1792"},{"taxonomy":"post_tag","embeddable":true,"href":"https:\/\/cd67tt.com\/index.php\/wp-json\/wp\/v2\/tags?post=1792"}],"curies":[{"name":"wp","href":"https:\/\/api.w.org\/{rel}","templated":true}]}}