{"id":2071,"date":"2019-12-23T10:45:25","date_gmt":"2019-12-23T09:45:25","guid":{"rendered":"http:\/\/cd67tt.com\/?p=2071"},"modified":"2019-12-23T10:47:23","modified_gmt":"2019-12-23T09:47:23","slug":"de-lor-et-du-bronze","status":"publish","type":"post","link":"https:\/\/cd67tt.com\/index.php\/2019\/12\/23\/de-lor-et-du-bronze\/","title":{"rendered":"De l&rsquo;or et du bronze !"},"content":{"rendered":"\n<p><strong>3 jeunes bas-rhinois s\u00e9lectionn\u00e9s en \u00e9quipe du Grand Est ont su tirer leur \u00e9pingle du jeu lors des Internationaux Jeunes du Grand Est qui se sont d\u00e9roul\u00e9s les 21 et 22 d\u00e9cembre 2019 \u00e0 Pont-A-Mousson !<\/strong><\/p>\n\n\n\n<p>Tout d&rsquo;abord, No\u00e9mie Comte remporte le bronze en Minimes Filles 1 tandis que Hugo Koehl en fait de m\u00eame en Cadets ! La palme revient \u00e0 William Koehl qui s&rsquo;adjuge l&rsquo;or en cat\u00e9gorie Minimes Gar\u00e7ons 2 !<\/p>\n\n\n\n<p>Un grand bravo pour les 3 joueurs du TT Haguenau et l&rsquo;ensemble des bas-rhinois pr\u00e9sents \u00e0 cette comp\u00e9tition !<\/p>\n\n\n\n<div class=\"wp-block-columns is-layout-flex wp-container-core-columns-is-layout-9d6595d7 wp-block-columns-is-layout-flex\">\n<div class=\"wp-block-column is-layout-flow wp-block-column-is-layout-flow\">\n<figure class=\"wp-block-image size-large\"><img loading=\"lazy\" decoding=\"async\" width=\"940\" height=\"788\" src=\"https:\/\/cd67tt.com\/wp-content\/uploads\/2019\/12\/Sans-titre-1.png\" alt=\"\" class=\"wp-image-2072\" srcset=\"https:\/\/cd67tt.com\/wp-content\/uploads\/2019\/12\/Sans-titre-1.png 940w, https:\/\/cd67tt.com\/wp-content\/uploads\/2019\/12\/Sans-titre-1-300x251.png 300w, https:\/\/cd67tt.com\/wp-content\/uploads\/2019\/12\/Sans-titre-1-768x644.png 768w\" sizes=\"auto, (max-width: 940px) 100vw, 940px\" \/><figcaption><em>William Koehl en or<\/em><\/figcaption><\/figure>\n<\/div>\n\n\n\n<div class=\"wp-block-column is-layout-flow wp-block-column-is-layout-flow\">\n<figure class=\"wp-block-image size-large\"><img loading=\"lazy\" decoding=\"async\" width=\"940\" height=\"788\" src=\"https:\/\/cd67tt.com\/wp-content\/uploads\/2019\/12\/Sans-titre-2.png\" alt=\"\" class=\"wp-image-2073\" srcset=\"https:\/\/cd67tt.com\/wp-content\/uploads\/2019\/12\/Sans-titre-2.png 940w, https:\/\/cd67tt.com\/wp-content\/uploads\/2019\/12\/Sans-titre-2-300x251.png 300w, https:\/\/cd67tt.com\/wp-content\/uploads\/2019\/12\/Sans-titre-2-768x644.png 768w\" sizes=\"auto, (max-width: 940px) 100vw, 940px\" \/><figcaption><em>No\u00e9mie Comte en bronze<\/em><\/figcaption><\/figure>\n<\/div>\n\n\n\n<div class=\"wp-block-column is-layout-flow wp-block-column-is-layout-flow\">\n<figure class=\"wp-block-image size-large\"><img loading=\"lazy\" decoding=\"async\" width=\"940\" height=\"788\" src=\"https:\/\/cd67tt.com\/wp-content\/uploads\/2019\/12\/Sans-titre.png\" alt=\"\" class=\"wp-image-2074\" srcset=\"https:\/\/cd67tt.com\/wp-content\/uploads\/2019\/12\/Sans-titre.png 940w, https:\/\/cd67tt.com\/wp-content\/uploads\/2019\/12\/Sans-titre-300x251.png 300w, https:\/\/cd67tt.com\/wp-content\/uploads\/2019\/12\/Sans-titre-768x644.png 768w\" sizes=\"auto, (max-width: 940px) 100vw, 940px\" \/><figcaption><em>Hugo Koehl en bronze<\/em><\/figcaption><\/figure>\n<\/div>\n<\/div>\n\n\n\n<hr class=\"wp-block-separator\"\/>\n\n\n\n<div class=\"wp-block-columns is-layout-flex wp-container-core-columns-is-layout-9d6595d7 wp-block-columns-is-layout-flex\">\n<div class=\"wp-block-column is-layout-flow wp-block-column-is-layout-flow\">\n<div class=\"wp-block-button aligncenter\"><a class=\"wp-block-button__link has-background has-pale-cyan-blue-background-color\" href=\"https:\/\/www.lgett.fr\/competitions\/nationales-et-internationales\/internationaux-jeunes-du-grand-est\/\">Les r\u00e9sultats complets<\/a><\/div>\n<\/div>\n\n\n\n<div class=\"wp-block-column is-layout-flow wp-block-column-is-layout-flow\">\n<div class=\"wp-block-button aligncenter\"><a class=\"wp-block-button__link has-background has-pale-pink-background-color\" href=\"https:\/\/www.flickr.com\/photos\/152551143@N04\/albums\/72157712303153898\">Les photos<\/a><\/div>\n<\/div>\n<\/div>\n","protected":false},"excerpt":{"rendered":"<p>3 jeunes bas-rhinois s\u00e9lectionn\u00e9s en \u00e9quipe du Grand Est ont su tirer leur \u00e9pingle du jeu lors des Internationaux Jeunes du Grand Est qui se sont d\u00e9roul\u00e9s les 21 et 22 d\u00e9cembre 2019 \u00e0 Pont-A-Mousson !<\/p>\n","protected":false},"author":2,"featured_media":2075,"comment_status":"open","ping_status":"open","sticky":false,"template":"","format":"standard","meta":{"footnotes":""},"categories":[1],"tags":[],"class_list":["post-2071","post","type-post","status-publish","format-standard","has-post-thumbnail","hentry","category-non-classe"],"_links":{"self":[{"href":"https:\/\/cd67tt.com\/index.php\/wp-json\/wp\/v2\/posts\/2071","targetHints":{"allow":["GET"]}}],"collection":[{"href":"https:\/\/cd67tt.com\/index.php\/wp-json\/wp\/v2\/posts"}],"about":[{"href":"https:\/\/cd67tt.com\/index.php\/wp-json\/wp\/v2\/types\/post"}],"author":[{"embeddable":true,"href":"https:\/\/cd67tt.com\/index.php\/wp-json\/wp\/v2\/users\/2"}],"replies":[{"embeddable":true,"href":"https:\/\/cd67tt.com\/index.php\/wp-json\/wp\/v2\/comments?post=2071"}],"version-history":[{"count":0,"href":"https:\/\/cd67tt.com\/index.php\/wp-json\/wp\/v2\/posts\/2071\/revisions"}],"wp:featuredmedia":[{"embeddable":true,"href":"https:\/\/cd67tt.com\/index.php\/wp-json\/wp\/v2\/media\/2075"}],"wp:attachment":[{"href":"https:\/\/cd67tt.com\/index.php\/wp-json\/wp\/v2\/media?parent=2071"}],"wp:term":[{"taxonomy":"category","embeddable":true,"href":"https:\/\/cd67tt.com\/index.php\/wp-json\/wp\/v2\/categories?post=2071"},{"taxonomy":"post_tag","embeddable":true,"href":"https:\/\/cd67tt.com\/index.php\/wp-json\/wp\/v2\/tags?post=2071"}],"curies":[{"name":"wp","href":"https:\/\/api.w.org\/{rel}","templated":true}]}}