{"id":2151,"date":"2020-01-21T09:37:07","date_gmt":"2020-01-21T08:37:07","guid":{"rendered":"http:\/\/cd67tt.com\/?p=2151"},"modified":"2020-01-21T09:37:08","modified_gmt":"2020-01-21T08:37:08","slug":"internationaux-jeunes-de-mulhouse-selection","status":"publish","type":"post","link":"https:\/\/cd67tt.com\/index.php\/2020\/01\/21\/internationaux-jeunes-de-mulhouse-selection\/","title":{"rendered":"Internationaux Jeunes de Mulhouse &#8211; S\u00e9lection"},"content":{"rendered":"\n<p>Le samedi 29 f\u00e9vrier et dimanche 1er mars 2020 se d\u00e9rouleront les IJ Mulhouse au Centre Sportif R\u00e9gional Alsace. 8 cat\u00e9gories, de benjamin \u00e0 junior, se disputeront tout au long du week-end.<\/p>\n\n\n\n<h4 class=\"wp-block-heading\">Titulaires<\/h4>\n\n\n\n<figure class=\"wp-block-table\"><table class=\"\"><tbody><tr><td>Benjamine<\/td><td>REIBEL Emilie<\/td><td>SSC Laurentia Benfeld<\/td><\/tr><tr><td>Minime F<\/td><td>COMTE No\u00e9mie<\/td><td>TT Haguenau<\/td><\/tr><tr><td>Cadette<\/td><td>DORN M\u00e9lissa<\/td><td>TT Haguenau<\/td><\/tr><tr><td>Junior F<\/td><td>BOESINGER Marion<\/td><td>SU Schiltigheim TT<\/td><\/tr><tr><td><\/td><td><\/td><td><\/td><\/tr><tr><td>Benjamin<\/td><td>MULLER Ma\u00ebl<\/td><td>Zorn TT Hochfelden<\/td><\/tr><tr><td>Minime<\/td><td>CELLIKKAYA-SCHAEFFER Valentin<\/td><td>SSC Laurentia Benfeld<\/td><\/tr><tr><td>Cadet<\/td><td>KOEHL William<\/td><td>TT Haguenau<\/td><\/tr><tr><td>Junior<\/td><td>KRUTH Tristan<\/td><td>TT Haguenau<\/td><\/tr><\/tbody><\/table><\/figure>\n\n\n\n<h4 class=\"wp-block-heading\">Rempla\u00e7ants<\/h4>\n\n\n\n<figure class=\"wp-block-table\"><table class=\"\"><tbody><tr><td>Benjamine<\/td><td>GIRARD Cl\u00e9mentine<\/td><td>CA Rosheim<\/td><\/tr><tr><td>Minime F<\/td><td>DORN M\u00e9lissa<\/td><td>TT Haguenau<\/td><\/tr><tr><td>Cadette<\/td><td>DORFFER Lucie<\/td><td>Schirrhein-Schirrhoffen<\/td><\/tr><tr><td>Junior F<\/td><td>VOGT Am\u00e9lie<\/td><td>TT Haguenau<\/td><\/tr><tr><td><\/td><td><\/td><td><\/td><\/tr><tr><td>Benjamin<\/td><td>LEBEAU Romain<\/td><td>TT Haguenau<\/td><\/tr><tr><td>Minime<\/td><td>LALA Louis<\/td><td>RC Strasbourg<\/td><\/tr><tr><td>Cadet<\/td><td>KOEHL Hugo<\/td><td>TT Haguenau<\/td><\/tr><tr><td>Junior<\/td><td>LESCOUT Robin<\/td><td>CA Obernai<\/td><\/tr><\/tbody><\/table><\/figure>\n\n\n\n<ul class=\"wp-block-list\"><li>Arbitres : BRES Sandrine<\/li><li>Coachs : LALA Laurent, BURRUS Alexandra, DORN Eric, RAMBEAU Fr\u00e9d\u00e9ric, REMINIAC J\u00e9r\u00e9my<\/li><li>Responsable d\u00e9l\u00e9gation : FRIANT Marc<\/li><\/ul>\n","protected":false},"excerpt":{"rendered":"<p>Le samedi 29 f\u00e9vrier et dimanche 1er mars 2020 se d\u00e9rouleront les IJ Mulhouse au Centre Sportif R\u00e9gional Alsace. Ci-apr\u00e8s la liste des s\u00e9lectionn\u00e9s en \u00e9quipe du Bas-Rhin.<\/p>\n","protected":false},"author":2,"featured_media":2152,"comment_status":"open","ping_status":"open","sticky":false,"template":"","format":"standard","meta":{"footnotes":""},"categories":[16],"tags":[],"class_list":["post-2151","post","type-post","status-publish","format-standard","has-post-thumbnail","hentry","category-internationaux-jeunes-de-mulhouse"],"_links":{"self":[{"href":"https:\/\/cd67tt.com\/index.php\/wp-json\/wp\/v2\/posts\/2151","targetHints":{"allow":["GET"]}}],"collection":[{"href":"https:\/\/cd67tt.com\/index.php\/wp-json\/wp\/v2\/posts"}],"about":[{"href":"https:\/\/cd67tt.com\/index.php\/wp-json\/wp\/v2\/types\/post"}],"author":[{"embeddable":true,"href":"https:\/\/cd67tt.com\/index.php\/wp-json\/wp\/v2\/users\/2"}],"replies":[{"embeddable":true,"href":"https:\/\/cd67tt.com\/index.php\/wp-json\/wp\/v2\/comments?post=2151"}],"version-history":[{"count":0,"href":"https:\/\/cd67tt.com\/index.php\/wp-json\/wp\/v2\/posts\/2151\/revisions"}],"wp:featuredmedia":[{"embeddable":true,"href":"https:\/\/cd67tt.com\/index.php\/wp-json\/wp\/v2\/media\/2152"}],"wp:attachment":[{"href":"https:\/\/cd67tt.com\/index.php\/wp-json\/wp\/v2\/media?parent=2151"}],"wp:term":[{"taxonomy":"category","embeddable":true,"href":"https:\/\/cd67tt.com\/index.php\/wp-json\/wp\/v2\/categories?post=2151"},{"taxonomy":"post_tag","embeddable":true,"href":"https:\/\/cd67tt.com\/index.php\/wp-json\/wp\/v2\/tags?post=2151"}],"curies":[{"name":"wp","href":"https:\/\/api.w.org\/{rel}","templated":true}]}}