{"id":2193,"date":"2020-01-26T18:08:27","date_gmt":"2020-01-26T17:08:27","guid":{"rendered":"http:\/\/cd67tt.com\/?p=2193"},"modified":"2020-01-30T11:02:27","modified_gmt":"2020-01-30T10:02:27","slug":"criterium-federal-tour-3-resultats-2","status":"publish","type":"post","link":"https:\/\/cd67tt.com\/index.php\/2020\/01\/26\/criterium-federal-tour-3-resultats-2\/","title":{"rendered":"Crit\u00e9rium F\u00e9d\u00e9ral Tour 3 \u2013 R\u00e9sultats"},"content":{"rendered":"\n<p> Voici les principaux laur\u00e9ats du troisi\u00e8me tour de crit\u00e9rium f\u00e9d\u00e9ral au niveau d\u00e9partemental. Le CDTT67 remercie les organisateurs Zorn TT Hochfelden, Schiltigheim TT et Strasbourg RC. <\/p>\n\n\n\n<figure class=\"wp-block-table\"><table class=\"\"><tbody><tr><td>BAZILLE<\/td><td>Alexandre<\/td><td>\u2013 11<\/td><td>APIG<\/td><\/tr><tr><td>SCHEIBER<\/td><td>Arnaud<\/td><td>\u2013 13<\/td><td>TT HAGUENAU<\/td><\/tr><tr><td>LARUE PETTIKOFFER<\/td><td>Tom<\/td><td>D1 \u2013 15<\/td><td>CTT SARRE-UNION<\/td><\/tr><tr><td>WALTER<\/td><td>Louis<\/td><td>D2 \u2013 15<\/td><td>TT HAGUENAU<\/td><\/tr><tr><td>ITOUA<\/td><td>Yoan<\/td><td>\u2013 18<\/td><td>STRASBOURG EUROMETROPOLE TT<\/td><\/tr><tr><td>VAYSSE<\/td><td>Arnaud<\/td><td>SENIOR D1<\/td><td>CA ROSHEIM<\/td><\/tr><tr><td>ALBARET<\/td><td>Benjamin<\/td><td>SENIOR D2<\/td><td>SU SCHILTIGHEIM TT<\/td><\/tr><tr><td>VOUILLOT<\/td><td>Didier<\/td><td>SENIOR D3<\/td><td>STRASBOURG ST JEAN CS 1852<\/td><\/tr><tr><td>RAHATOKA<\/td><td>Honor\u00e9<\/td><td>SENIOR D4<\/td><td>STRASBOURG ST JOSEPH<\/td><\/tr><\/tbody><\/table><\/figure>\n\n\n\n<div class=\"wp-block-button aligncenter\"><a class=\"wp-block-button__link has-text-color has-very-light-gray-color has-background has-vivid-cyan-blue-background-color\" href=\"https:\/\/www.flickr.com\/photos\/155132854@N06\/albums\/72157712830225742\">Photos<\/a><\/div>\n\n\n\n<p class=\"wp-block-pdfemb-pdf-embedder-viewer\"><\/p>\n\n\n\n<div class=\"wp-block-file\"><a href=\"https:\/\/cd67tt.com\/wp-content\/uploads\/2020\/01\/r\u00e9sultats-CD-67-tour-3.pdf\">r\u00e9sultats CD 67 tour 3<\/a><a href=\"https:\/\/cd67tt.com\/wp-content\/uploads\/2020\/01\/r\u00e9sultats-CD-67-tour-3.pdf\" class=\"wp-block-file__button\" download>T\u00e9l\u00e9charger<\/a><\/div>\n","protected":false},"excerpt":{"rendered":"<p>Voici les principaux laur\u00e9ats du troisi\u00e8me tour de crit\u00e9rium f\u00e9d\u00e9ral au niveau d\u00e9partemental. Le CDTT67 remercie les organisateurs Zorn TT Hochfelden, Schiltigheim TT et Strasbourg RC.<\/p>\n","protected":false},"author":2,"featured_media":2195,"comment_status":"open","ping_status":"open","sticky":false,"template":"","format":"standard","meta":{"footnotes":""},"categories":[10],"tags":[],"class_list":["post-2193","post","type-post","status-publish","format-standard","has-post-thumbnail","hentry","category-criterium-federal"],"_links":{"self":[{"href":"https:\/\/cd67tt.com\/index.php\/wp-json\/wp\/v2\/posts\/2193","targetHints":{"allow":["GET"]}}],"collection":[{"href":"https:\/\/cd67tt.com\/index.php\/wp-json\/wp\/v2\/posts"}],"about":[{"href":"https:\/\/cd67tt.com\/index.php\/wp-json\/wp\/v2\/types\/post"}],"author":[{"embeddable":true,"href":"https:\/\/cd67tt.com\/index.php\/wp-json\/wp\/v2\/users\/2"}],"replies":[{"embeddable":true,"href":"https:\/\/cd67tt.com\/index.php\/wp-json\/wp\/v2\/comments?post=2193"}],"version-history":[{"count":0,"href":"https:\/\/cd67tt.com\/index.php\/wp-json\/wp\/v2\/posts\/2193\/revisions"}],"wp:featuredmedia":[{"embeddable":true,"href":"https:\/\/cd67tt.com\/index.php\/wp-json\/wp\/v2\/media\/2195"}],"wp:attachment":[{"href":"https:\/\/cd67tt.com\/index.php\/wp-json\/wp\/v2\/media?parent=2193"}],"wp:term":[{"taxonomy":"category","embeddable":true,"href":"https:\/\/cd67tt.com\/index.php\/wp-json\/wp\/v2\/categories?post=2193"},{"taxonomy":"post_tag","embeddable":true,"href":"https:\/\/cd67tt.com\/index.php\/wp-json\/wp\/v2\/tags?post=2193"}],"curies":[{"name":"wp","href":"https:\/\/api.w.org\/{rel}","templated":true}]}}