{"id":3309,"date":"2022-06-21T10:57:47","date_gmt":"2022-06-21T08:57:47","guid":{"rendered":"https:\/\/cd67tt.com\/?p=3309"},"modified":"2022-06-24T10:01:09","modified_gmt":"2022-06-24T08:01:09","slug":"les-bas-rhinois-simposent","status":"publish","type":"post","link":"https:\/\/cd67tt.com\/index.php\/2022\/06\/21\/les-bas-rhinois-simposent\/","title":{"rendered":"Les bas-rhinois s&rsquo;imposent !"},"content":{"rendered":"\n<p>Ce week-end du 18 et 19 juin 2022 avait lieu les Championnats du Grand-Est \u00e0 Illkirch-Graffenstaden \ud83c\udfd3<\/p>\n\n\n\n<p>En plus d&rsquo;accueillir la comp\u00e9tition, les joueurs et joueuses bas-rhinois ont dignement repr\u00e9sent\u00e9 le d\u00e9partement en ramenant plusieurs titres individuels mais aussi en doubles ! \ud83c\udfc6<\/p>\n\n\n\n<p>Voici donc le palmar\u00e8s de nos joueurs :<\/p>\n\n\n\n<p>Seniors Messieurs : \ud83e\udd48 KOEHL William<br>Doubles Seniors Messieurs : \ud83e\udd49 BECKER St\u00e9phane \/ KOEHL William<br>Seniors Dames : \ud83e\udd49 MINNI L\u00e9a<br>Doubles Seniors Dames : \ud83e\udd47 MINNI L\u00e9a \/ KOCH Julia (Metz TT)<\/p>\n\n\n\n<p>Juniors Gar\u00e7ons : \ud83e\udd47 KOEL William \/ \ud83e\udd48 KOEHL Hugo<br>Doubles Juniors Gar\u00e7ons : \ud83e\udd49 KOEHL William \/ KOEHL Hugo<br>Juniors Filles : \ud83e\udd47 MINNI L\u00e9a<br>Doubles Juniors Filles : \ud83e\udd47 MINNI L\u00e9a \/ KOCH Julia (Metz TT)<\/p>\n\n\n\n<p>Cadets : \ud83e\udd48 MULLER Ma\u00ebl \/ \ud83e\udd49 LALA Louis<\/p>\n\n\n\n<p>Minimes Gar\u00e7ons : \ud83e\udd47 SIMON Lucas \/ \ud83e\udd48 MULLER Rom\u00e9o<br>Doubles Minimes Gar\u00e7ons : \ud83e\udd47 SIMON Lucas \/ MULLER Rom\u00e9o<\/p>\n\n\n\n<p>Benjamins : \ud83e\udd47 SIMON Lucas \/ \ud83e\udd48 MULLER Rom\u00e9o<br>Doubles Benjamins Gar\u00e7ons : \ud83e\udd47 SIMON Lucas \/ MULLER Rom\u00e9o<\/p>\n\n\n\n<p>Poussines : \ud83e\udd47 ADOLFF Agathe<br>Doubles Poussines : \ud83e\udd47 ADOLFF Agathe \/ DIRMENT NUNEZ Avelina<\/p>\n\n\n\n<p>Encore bravo \u00e0 nos joueurs ! Nous sommes fiers de vous ! \ud83d\ude4c<\/p>\n\n\n\n<div class=\"wp-block-buttons is-layout-flex wp-block-buttons-is-layout-flex\">\n<div class=\"wp-block-button\"><a class=\"wp-block-button__link\" href=\"https:\/\/www.flickr.com\/photos\/lgett\/albums\/72177720299813301\/page3\">Album Flickr <\/a><\/div>\n<\/div>\n","protected":false},"excerpt":{"rendered":"<p>Ce week-end du 18 et 19 juin avait lieu les Championnats du Grand-Est \u00e0 Illkirch Graffenstaden ! <\/p>\n","protected":false},"author":2,"featured_media":3311,"comment_status":"open","ping_status":"open","sticky":false,"template":"","format":"standard","meta":{"footnotes":""},"categories":[36],"tags":[],"class_list":["post-3309","post","type-post","status-publish","format-standard","has-post-thumbnail","hentry","category-championnats-du-grand-est"],"_links":{"self":[{"href":"https:\/\/cd67tt.com\/index.php\/wp-json\/wp\/v2\/posts\/3309","targetHints":{"allow":["GET"]}}],"collection":[{"href":"https:\/\/cd67tt.com\/index.php\/wp-json\/wp\/v2\/posts"}],"about":[{"href":"https:\/\/cd67tt.com\/index.php\/wp-json\/wp\/v2\/types\/post"}],"author":[{"embeddable":true,"href":"https:\/\/cd67tt.com\/index.php\/wp-json\/wp\/v2\/users\/2"}],"replies":[{"embeddable":true,"href":"https:\/\/cd67tt.com\/index.php\/wp-json\/wp\/v2\/comments?post=3309"}],"version-history":[{"count":0,"href":"https:\/\/cd67tt.com\/index.php\/wp-json\/wp\/v2\/posts\/3309\/revisions"}],"wp:featuredmedia":[{"embeddable":true,"href":"https:\/\/cd67tt.com\/index.php\/wp-json\/wp\/v2\/media\/3311"}],"wp:attachment":[{"href":"https:\/\/cd67tt.com\/index.php\/wp-json\/wp\/v2\/media?parent=3309"}],"wp:term":[{"taxonomy":"category","embeddable":true,"href":"https:\/\/cd67tt.com\/index.php\/wp-json\/wp\/v2\/categories?post=3309"},{"taxonomy":"post_tag","embeddable":true,"href":"https:\/\/cd67tt.com\/index.php\/wp-json\/wp\/v2\/tags?post=3309"}],"curies":[{"name":"wp","href":"https:\/\/api.w.org\/{rel}","templated":true}]}}