{"id":3443,"date":"2022-11-09T11:03:04","date_gmt":"2022-11-09T10:03:04","guid":{"rendered":"https:\/\/cd67tt.com\/?p=3443"},"modified":"2022-11-10T09:36:55","modified_gmt":"2022-11-10T08:36:55","slug":"minicoms-2022-a-barjouville","status":"publish","type":"post","link":"https:\/\/cd67tt.com\/index.php\/2022\/11\/09\/minicoms-2022-a-barjouville\/","title":{"rendered":"Minicom&rsquo;s 2022 \u00e0 Barjouville"},"content":{"rendered":"\n<p><strong>La 18\u00e8me \u00e9dition des Minicom\u2019s s&rsquo;est d\u00e9roul\u00e9e pour la seconde fois \u00e0 Barjouville en Ligue du Centre Val de Loire du 24 au 27 octobre 2022. 12 d\u00e9l\u00e9gations \u00e9taient en lice.<\/strong> <strong>La d\u00e9l\u00e9gation bas-rhinoise termine sur le podium au challenge g\u00e9n\u00e9ral.<\/strong><\/p>\n\n\n\n<p>Emmen\u00e9 comme \u00e0 l&rsquo;accoutum\u00e9e par Marc FRIANT responsable et arbitre de la d\u00e9l\u00e9gation, 6 jeunes bas-rhinois ont pu d\u00e9couvrir pour leur premi\u00e8re fois une comp\u00e9tition nationale de d\u00e9tection ; Mira Arwa BOUCETTA (Strasbourg RC), Avelina DIRMENT NUNEZ ( SU Schiltigheim TT) et Agathe ADOLFF (Hanau TT) du c\u00f4t\u00e9 des filles et Lucas REINBERGER (SU Schiltigheim TT), Ruben SOHN (Hanau TT) et Nathan HENRION (APIG) chez les gar\u00e7ons.<\/p>\n\n\n\n<p>Sous la houlette de Vanessa NUNEZ DIRMENT et Thierry WICK, les enfants se sont pr\u00e9par\u00e9s \u00e0 la comp\u00e9tition par une journ\u00e9e de stage visant \u00e0 mettre l&rsquo;accent sur la pr\u00e9paration d&rsquo;avant-match. S&rsquo;est suivi une journ\u00e9e et demi de comp\u00e9tition individuelle et une journ\u00e9e de comp\u00e9tition par \u00e9quipe.<\/p>\n\n\n\n<h4 class=\"wp-block-heading\">4 m\u00e9dailles dans les \u00e9preuves individuelles !<\/h4>\n\n\n\n<p>La d\u00e9l\u00e9gation bas-rhinoise s&rsquo;est illustr\u00e9e \u00e0 4 reprises lors des \u00e9preuves individuelles. C&rsquo;est Avelina DIRMENT NUNEZ (SU Schiltigheim TT) qui tient le haut du pav\u00e9 gr\u00e2ce \u00e0 ses 2 m\u00e9dailles ; la premi\u00e8re en or dans la cat\u00e9gorie poussine et la seconde en argent dans la cat\u00e9gorie mixte poussine-benjamine 1. C&rsquo;est d&rsquo;ailleurs Agathe ADOLFF qui lui vole la vedette et remporte l&rsquo;or dans cette m\u00eame cat\u00e9gorie. Les gar\u00e7ons ne sont pas en reste avec la tr\u00e8s belle troisi\u00e8me place de Lucas REINBERGER dans la cat\u00e9gorie poussin.<\/p>\n\n\n\n<p><a href=\"http:\/\/liguecentrett.com\/events\/minicoms-2022\/\" target=\"_blank\" rel=\"noreferrer noopener\">R\u00e9sultats complets \u00e0 retrouver ici !<\/a><\/p>\n\n\n\n<h4 class=\"wp-block-heading\">Au pied du podium<\/h4>\n\n\n\n<p>La d\u00e9l\u00e9gation bas-rhinoise d\u00e9bute la comp\u00e9tition par \u00e9quipe en huiti\u00e8me de finale par une victoire 5-3 face \u00e0 l&rsquo;Indre-et-Loire et remporte \u00e9galement son quart de finale face au Val de Marne sur le m\u00eame score. Malheureusement, lors de la derni\u00e8re journ\u00e9e, les bas-rhinois un peu \u00e9mouss\u00e9s s&rsquo;inclinent plusieurs fois \u00e0 la belle face \u00e0 l&rsquo;Ille et Vilaine en demi-finale et face au Nord pour les places 3-4.<\/p>\n\n\n\n<h4 class=\"wp-block-heading\">M\u00e9daille de bronze au Challenge g\u00e9n\u00e9ral<\/h4>\n\n\n\n<p>Les joueurs du Bas-Rhin ont n\u00e9anmoins vite retrouv\u00e9 le sourire car leurs bons r\u00e9sultats en comp\u00e9tition individuelle et leur quatri\u00e8me place au challenge par \u00e9quipe leur permet de monter sur la troisi\u00e8me marche du podium au challenge g\u00e9n\u00e9ral ! A noter le tr\u00e8s bon \u00e9tat d\u2019esprit collectif et combatif de l\u2019\u00e9quipe tout au long de la comp\u00e9tition. Un grand bravo \u00e0 tous !<\/p>\n\n\n\n<div class=\"wp-block-buttons is-content-justification-center is-layout-flex wp-container-core-buttons-is-layout-16018d1d wp-block-buttons-is-layout-flex\">\n<div class=\"wp-block-button\"><a class=\"wp-block-button__link wp-element-button\" href=\"https:\/\/www.flickr.com\/photos\/155132854@N06\/albums\/72177720303543480\" target=\"_blank\" rel=\"noreferrer noopener\">Album photo FlickR<\/a><\/div>\n<\/div>\n","protected":false},"excerpt":{"rendered":"<p>La 18\u00e8me \u00e9dition des Minicom\u2019s s&rsquo;est d\u00e9roul\u00e9e pour la seconde fois \u00e0 Barjouville en Ligue du Centre Val de Loire du 24 au 27 octobre 2022. 12 d\u00e9l\u00e9gations \u00e9taient en lice. La d\u00e9l\u00e9gation bas-rhinoise termine sur le podium au challenge g\u00e9n\u00e9ral.<\/p>\n","protected":false},"author":2,"featured_media":3444,"comment_status":"open","ping_status":"open","sticky":false,"template":"","format":"standard","meta":{"footnotes":""},"categories":[17],"tags":[],"class_list":["post-3443","post","type-post","status-publish","format-standard","has-post-thumbnail","hentry","category-minicoms"],"_links":{"self":[{"href":"https:\/\/cd67tt.com\/index.php\/wp-json\/wp\/v2\/posts\/3443","targetHints":{"allow":["GET"]}}],"collection":[{"href":"https:\/\/cd67tt.com\/index.php\/wp-json\/wp\/v2\/posts"}],"about":[{"href":"https:\/\/cd67tt.com\/index.php\/wp-json\/wp\/v2\/types\/post"}],"author":[{"embeddable":true,"href":"https:\/\/cd67tt.com\/index.php\/wp-json\/wp\/v2\/users\/2"}],"replies":[{"embeddable":true,"href":"https:\/\/cd67tt.com\/index.php\/wp-json\/wp\/v2\/comments?post=3443"}],"version-history":[{"count":3,"href":"https:\/\/cd67tt.com\/index.php\/wp-json\/wp\/v2\/posts\/3443\/revisions"}],"predecessor-version":[{"id":3466,"href":"https:\/\/cd67tt.com\/index.php\/wp-json\/wp\/v2\/posts\/3443\/revisions\/3466"}],"wp:featuredmedia":[{"embeddable":true,"href":"https:\/\/cd67tt.com\/index.php\/wp-json\/wp\/v2\/media\/3444"}],"wp:attachment":[{"href":"https:\/\/cd67tt.com\/index.php\/wp-json\/wp\/v2\/media?parent=3443"}],"wp:term":[{"taxonomy":"category","embeddable":true,"href":"https:\/\/cd67tt.com\/index.php\/wp-json\/wp\/v2\/categories?post=3443"},{"taxonomy":"post_tag","embeddable":true,"href":"https:\/\/cd67tt.com\/index.php\/wp-json\/wp\/v2\/tags?post=3443"}],"curies":[{"name":"wp","href":"https:\/\/api.w.org\/{rel}","templated":true}]}}