{"id":3622,"date":"2023-01-19T18:02:10","date_gmt":"2023-01-19T17:02:10","guid":{"rendered":"https:\/\/cd67tt.com\/?p=3622"},"modified":"2023-01-30T11:32:28","modified_gmt":"2023-01-30T10:32:28","slug":"criterium-federal-tour-3-2022-2023","status":"publish","type":"post","link":"https:\/\/cd67tt.com\/index.php\/2023\/01\/19\/criterium-federal-tour-3-2022-2023\/","title":{"rendered":"Crit\u00e9rium F\u00e9d\u00e9ral Tour 3 | 2022-2023"},"content":{"rendered":"\n<p><strong>Veuillez trouver ci-dessous les informations concernant le Tour 3 du Crit\u00e9rium F\u00e9d\u00e9ral niveau d\u00e9partemental du samedi 28 janvier 2023.<\/strong><\/p>\n\n\n\n<p><\/p>\n\n\n\n<figure class=\"wp-block-table alignleft is-style-regular\"><table class=\"has-fixed-layout\"><thead><tr><th class=\"has-text-align-left\" data-align=\"left\">Heure     <\/th><th class=\"has-text-align-center\" data-align=\"center\">Division     <\/th><th>Cat\u00e9gorie<\/th><th>Salles<\/th><th>Juge-arbitre<\/th><\/tr><\/thead><tbody><tr><td class=\"has-text-align-left\" data-align=\"left\">14h<\/td><td class=\"has-text-align-center\" data-align=\"center\">D1<\/td><td>Poussins &#8211; Benjamins<\/td><td>Salle Joseph Meyer &#8211; Rue des 4 Vents 67270 HOCHFELDEN <\/td><td>Organisation ZORN TT<br>Marlise OFFNER<br><a href=\"mailto:marliseoffner@free.fr\" target=\"_blank\" rel=\"noreferrer noopener\">marliseoffner@free.fr<\/a><br><br><\/td><\/tr><tr><td class=\"has-text-align-left\" data-align=\"left\">14h<\/td><td class=\"has-text-align-center\" data-align=\"center\">D1<br>D2<\/td><td>Minimes <\/td><td>Salle Joseph Meyer &#8211; Rue des 4 Vents 67270 HOCHFELDEN <\/td><td>Organisation ZORN TT<br>Marlise OFFNER<br><a rel=\"noreferrer noopener\" href=\"mailto:marliseoffner@free.fr\" target=\"_blank\">marliseoffner@free.fr<\/a><\/td><\/tr><tr><td class=\"has-text-align-left\" data-align=\"left\">14h<\/td><td class=\"has-text-align-center\" data-align=\"center\">D1<\/td><td>Cadets<\/td><td>Ecole primaire Pablo Picasso Rue du<br>Mar\u00e9chal Juin 67210 OBERNAI<br><\/td><td>Organisation CA OBERNAI<br>Laurent ENDURAN<br><a href=\"mailto:lenduran@solutechnic.com\" target=\"_blank\" rel=\"noreferrer noopener\">lenduran@solutechnic.com<\/a><br><br><\/td><\/tr><tr><td class=\"has-text-align-left\" data-align=\"left\">14h<\/td><td class=\"has-text-align-center\" data-align=\"center\">D1<br>D2<br><\/td><td>Messieurs<\/td><td>Complexe Sportif &#8211; Rue Paul Degermann<br>67140 BARR<br><br><\/td><td>Organisation BARR<br>JA Sandrine BRES &#8211; 0682973202<br><a href=\"mailto:sandbr@orange.fr\" target=\"_blank\" rel=\"noreferrer noopener\">sandbr@orange.fr<\/a><br><br><br><br><\/td><\/tr><tr><td class=\"has-text-align-left\" data-align=\"left\">14h<\/td><td class=\"has-text-align-center\" data-align=\"center\">D1<\/td><td>Juniors<\/td><td>Salle Polyvalente &#8211; 3 rue du Foyer<br>67240 SCHIRRHEIN<\/td><td>Organisation Schirrhein Schirrhoffen CSC<br>JA &#8211; Nicolas VEJUX &#8211; 0681213752<br><a href=\"mailto:n.vejux@orange.fr\" target=\"_blank\" rel=\"noreferrer noopener\">n.vejux@orange.fr<\/a><br><br><\/td><\/tr><tr><td class=\"has-text-align-left\" data-align=\"left\">14h<\/td><td class=\"has-text-align-center\" data-align=\"center\">D3<br>D4<\/td><td>Messieurs<\/td><td>Salle Polyvalente &#8211; 3 rue du Foyer<br>67240 SCHIRRHEIN<\/td><td>Organisation Schirrhein Schirrhoffen CSC<br>JA &#8211; Nicolas VEJUX &#8211; 0681213752<br><a href=\"mailto:n.vejux@orange.fr\" target=\"_blank\" rel=\"noreferrer noopener\">n.vejux@orange.fr<\/a><br><br><\/td><\/tr><\/tbody><\/table><\/figure>\n\n\n\n<p><\/p>\n\n\n\n<div class=\"wp-block-file\"><a id=\"wp-block-file--media-05e0dd55-5312-4bdb-9b89-89a7bf417970\" href=\"https:\/\/cd67tt.com\/wp-content\/uploads\/2023\/01\/CDTT67-page-de-garde-tour-3.pdf\">CDTT67 &#8211; Lieux et horaires CF Tour 3<\/a><a href=\"https:\/\/cd67tt.com\/wp-content\/uploads\/2023\/01\/CDTT67-page-de-garde-tour-3.pdf\" class=\"wp-block-file__button wp-element-button\" download aria-describedby=\"wp-block-file--media-05e0dd55-5312-4bdb-9b89-89a7bf417970\">T\u00e9l\u00e9charger<\/a><\/div>\n\n\n\n<h4 class=\"has-black-color has-text-color wp-block-heading\">Informations<\/h4>\n\n\n\n<p>En cas d\u2019absence&nbsp;d\u2019un joueur : merci d\u2019en informer <a href=\"mailto:claude.oppel@gmail.com\">claude.oppel@gmail.com<\/a> et le JA concern\u00e9.<\/p>\n\n\n\n<h4 class=\"wp-block-heading\">Tableaux Crit\u00e9rium d\u00e9partemental Tour 3<\/h4>\n\n\n\n<div data-wp-interactive=\"core\/file\" class=\"wp-block-file\"><object data-wp-bind--hidden=\"!state.hasPdfPreview\" hidden class=\"wp-block-file__embed\" data=\"https:\/\/cd67tt.com\/wp-content\/uploads\/2023\/01\/Convocations-Criterium-Federal-Tour-3-Saison-2022_2023-CD67TT-v10.pdf\" type=\"application\/pdf\" style=\"width:100%;height:600px\" aria-label=\"Contenu embarqu\u00e9 Convocations-Criterium-Federal-Tour-3-Saison-2022_2023-CD67TT-v10.\"><\/object><a id=\"wp-block-file--media-802cac3e-f30f-4605-8c02-a414a24c1ef5\" href=\"https:\/\/cd67tt.com\/wp-content\/uploads\/2023\/01\/Convocations-Criterium-Federal-Tour-3-Saison-2022_2023-CD67TT-v10.pdf\">Convocations-Criterium-Federal-Tour-3-Saison-2022_2023-CD67TT-v10<\/a><a href=\"https:\/\/cd67tt.com\/wp-content\/uploads\/2023\/01\/Convocations-Criterium-Federal-Tour-3-Saison-2022_2023-CD67TT-v10.pdf\" class=\"wp-block-file__button wp-element-button\" download aria-describedby=\"wp-block-file--media-802cac3e-f30f-4605-8c02-a414a24c1ef5\">T\u00e9l\u00e9charger<\/a><\/div>\n\n\n\n<ol class=\"wp-block-list\">\n<li><strong>Si vous ne pouvez finalement pas participer, merci de pr\u00e9venir <a href=\"mailto:claude.oppel@gmail.com\">claude.oppel@gmail.com<\/a> avant mercredi 26 janvier, d\u00e9lai de rigueur. Tout forfait doit \u00eatre excus\u00e9, sous peine d\u2019amende.<\/strong><\/li>\n\n\n\n<li><strong>La comp\u00e9tition, sauf incident m\u00e9dical, doit \u00eatre poursuivie jusqu\u2019\u00e0 son terme. Vous ne pouvez pas abandonner au cours de l\u2019apr\u00e8s-midi.<\/strong><\/li>\n\n\n\n<li><strong>Ouverture des salles et pointage 1h avant le d\u00e9but de la comp\u00e9tition.<\/strong><\/li>\n<\/ol>\n\n\n\n<hr class=\"wp-block-separator has-css-opacity\"\/>\n\n\n\n<h4 class=\"wp-block-heading\" id=\"rappel\">Rappel<\/h4>\n\n\n\n<p>Les inscriptions au Crit\u00e9rium F\u00e9d\u00e9ral sont ouvertes toute l\u2019ann\u00e9e soit par le biais du bulletin d\u2019engagement en t\u00e9l\u00e9chargement (<a href=\"http:\/\/www.lgett.fr\/competitions\/individuelles\/criterium-federal\/\" target=\"_blank\" rel=\"noreferrer noopener\">http:\/\/www.lgett.fr\/competitions\/individuelles\/criterium-federal\/<\/a>) , soit via l\u2019espace SPID Mon Club pour les clubs ayant choisi la d\u00e9mat\u00e9rialisation.&nbsp;<\/p>\n\n\n<div class=\"wp-block-image\">\n<figure class=\"aligncenter size-large\"><img loading=\"lazy\" decoding=\"async\" width=\"724\" height=\"1024\" src=\"https:\/\/cd67tt.com\/wp-content\/uploads\/2023\/01\/CD67TT-Affiche-Criterium-T3-22-23-724x1024.png\" alt=\"\" class=\"wp-image-3624\" srcset=\"https:\/\/cd67tt.com\/wp-content\/uploads\/2023\/01\/CD67TT-Affiche-Criterium-T3-22-23-724x1024.png 724w, https:\/\/cd67tt.com\/wp-content\/uploads\/2023\/01\/CD67TT-Affiche-Criterium-T3-22-23-212x300.png 212w, https:\/\/cd67tt.com\/wp-content\/uploads\/2023\/01\/CD67TT-Affiche-Criterium-T3-22-23-768x1086.png 768w, https:\/\/cd67tt.com\/wp-content\/uploads\/2023\/01\/CD67TT-Affiche-Criterium-T3-22-23-1086x1536.png 1086w, https:\/\/cd67tt.com\/wp-content\/uploads\/2023\/01\/CD67TT-Affiche-Criterium-T3-22-23-1448x2048.png 1448w, https:\/\/cd67tt.com\/wp-content\/uploads\/2023\/01\/CD67TT-Affiche-Criterium-T3-22-23.png 1587w\" sizes=\"auto, (max-width: 724px) 100vw, 724px\" \/><\/figure>\n<\/div>","protected":false},"excerpt":{"rendered":"<p>Veuillez trouver ci-dessous les informations concernant le Tour 3 du Crit\u00e9rium F\u00e9d\u00e9ral niveau d\u00e9partemental du samedi 28 janvier 2023.<\/p>\n","protected":false},"author":2,"featured_media":3625,"comment_status":"open","ping_status":"open","sticky":false,"template":"","format":"standard","meta":{"footnotes":""},"categories":[10],"tags":[],"class_list":["post-3622","post","type-post","status-publish","format-standard","has-post-thumbnail","hentry","category-criterium-federal"],"_links":{"self":[{"href":"https:\/\/cd67tt.com\/index.php\/wp-json\/wp\/v2\/posts\/3622","targetHints":{"allow":["GET"]}}],"collection":[{"href":"https:\/\/cd67tt.com\/index.php\/wp-json\/wp\/v2\/posts"}],"about":[{"href":"https:\/\/cd67tt.com\/index.php\/wp-json\/wp\/v2\/types\/post"}],"author":[{"embeddable":true,"href":"https:\/\/cd67tt.com\/index.php\/wp-json\/wp\/v2\/users\/2"}],"replies":[{"embeddable":true,"href":"https:\/\/cd67tt.com\/index.php\/wp-json\/wp\/v2\/comments?post=3622"}],"version-history":[{"count":8,"href":"https:\/\/cd67tt.com\/index.php\/wp-json\/wp\/v2\/posts\/3622\/revisions"}],"predecessor-version":[{"id":3663,"href":"https:\/\/cd67tt.com\/index.php\/wp-json\/wp\/v2\/posts\/3622\/revisions\/3663"}],"wp:featuredmedia":[{"embeddable":true,"href":"https:\/\/cd67tt.com\/index.php\/wp-json\/wp\/v2\/media\/3625"}],"wp:attachment":[{"href":"https:\/\/cd67tt.com\/index.php\/wp-json\/wp\/v2\/media?parent=3622"}],"wp:term":[{"taxonomy":"category","embeddable":true,"href":"https:\/\/cd67tt.com\/index.php\/wp-json\/wp\/v2\/categories?post=3622"},{"taxonomy":"post_tag","embeddable":true,"href":"https:\/\/cd67tt.com\/index.php\/wp-json\/wp\/v2\/tags?post=3622"}],"curies":[{"name":"wp","href":"https:\/\/api.w.org\/{rel}","templated":true}]}}