{"id":4157,"date":"2023-10-17T20:32:40","date_gmt":"2023-10-17T18:32:40","guid":{"rendered":"https:\/\/cd67tt.com\/?p=4157"},"modified":"2023-10-17T20:40:56","modified_gmt":"2023-10-17T18:40:56","slug":"ouverture-de-la-saison-criterium-federal-67-154-joueurs-29-clubs","status":"publish","type":"post","link":"https:\/\/cd67tt.com\/index.php\/2023\/10\/17\/ouverture-de-la-saison-criterium-federal-67-154-joueurs-29-clubs\/","title":{"rendered":"Coup d&rsquo;envoi du Crit\u00e9rium F\u00e9d\u00e9ral : 154 Joueurs, 29 Clubs \u00e0 l&rsquo;\u00e9chelon d\u00e9partemental"},"content":{"rendered":"\n<p><strong>Le samedi 14 octobre 2023 a marqu\u00e9 le d\u00e9but de la saison du crit\u00e9rium f\u00e9d\u00e9ral, avec son premier tour sur les quatre pr\u00e9vus. Cet \u00e9v\u00e9nement a r\u00e9uni 154 joueurs issus de 29 clubs locaux dans un apr\u00e8s-midi de comp\u00e9tition acharn\u00e9e. Les sites de Hochfelden, Obernai, Strasbourg RC et Willgottheim ont accueilli cette premi\u00e8re \u00e9tape de la saison.<\/strong><\/p>\n\n\n\n<p>En cette occasion, nous tenons \u00e0 exprimer notre sinc\u00e8re reconnaissance envers les organisateurs de ces quatre lieux et les juges-arbitres pour leur d\u00e9vouement et leur contribution essentielle \u00e0 la r\u00e9ussite de cet \u00e9v\u00e9nement.<\/p>\n\n\n\n<h4 class=\"wp-block-heading\">Les vainqueurs<\/h4>\n\n\n\n<figure class=\"wp-block-table\"><table><thead><tr><th>Cat\u00e9gorie<\/th><th>Joueur<\/th><th>Club<\/th><\/tr><\/thead><tbody><tr><td>POUSSINS-BENJAMINS D1<\/td><td>CHELGHAM TRICHET Zaky<\/td><td>STRASBOURG RC<\/td><\/tr><tr><td>MINIMES D1<\/td><td>SUSS Noam<\/td><td>Avenir Kochersberg TT<\/td><\/tr><tr><td>CADETS D1<\/td><td>MAERZ Eva<\/td><td>ZORN TT HOCHFELDEN<\/td><\/tr><tr><td>JUNIORS D1<\/td><td>BELAMY Paul<\/td><td>STRASBOURG EUROMETROPOLE TT<\/td><\/tr><tr><td>JUNIORS D2<\/td><td>MULLER Paul<\/td><td>Avenir Kochersberg TT<\/td><\/tr><tr><td>SENIORS D1<\/td><td>BOQUET Adrien<\/td><td>STRASBOURG RC<\/td><\/tr><tr><td>SENIORS D2<\/td><td>LAMBRECHT Achille<\/td><td>STRASBOURG EUROMETROPOLE TT<\/td><\/tr><tr><td>SENIORS D3<\/td><td>NASIRI MOGHADDAM Navid<\/td><td>STRASBOURG ST JEAN CS 1852<\/td><\/tr><tr><td>SENIORS D4<\/td><td>CHAMPAGNE Mathieu<\/td><td>ECKBOLSHEIM<\/td><\/tr><tr><td>SENIORS D5<\/td><td>EUSSNER Ansgar<\/td><td>STRASBOURG EUROMETROPOLE TT<\/td><\/tr><\/tbody><\/table><\/figure>\n\n\n\n<h4 class=\"wp-block-heading\">Les r\u00e9sultats complets<\/h4>\n\n\n\n<div data-wp-interactive=\"core\/file\" class=\"wp-block-file\"><object data-wp-bind--hidden=\"!state.hasPdfPreview\" hidden class=\"wp-block-file__embed\" data=\"https:\/\/cd67tt.com\/wp-content\/uploads\/2023\/10\/Criterium-Federal-Resultats-Tour-1-2023-2024.pdf\" type=\"application\/pdf\" style=\"width:100%;height:600px\" aria-label=\"Contenu embarqu\u00e9 Criterium-Federal-Resultats-Tour-1-2023-2024.\"><\/object><a id=\"wp-block-file--media-d4e873e0-12e9-46a4-aecf-7b2fcd2f722c\" href=\"https:\/\/cd67tt.com\/wp-content\/uploads\/2023\/10\/Criterium-Federal-Resultats-Tour-1-2023-2024.pdf\">Criterium-Federal-Resultats-Tour-1-2023-2024<\/a><a href=\"https:\/\/cd67tt.com\/wp-content\/uploads\/2023\/10\/Criterium-Federal-Resultats-Tour-1-2023-2024.pdf\" class=\"wp-block-file__button wp-element-button\" download aria-describedby=\"wp-block-file--media-d4e873e0-12e9-46a4-aecf-7b2fcd2f722c\">T\u00e9l\u00e9charger<\/a><\/div>\n\n\n\n<p>Pour ceux qui n&rsquo;ont pas encore eu l&rsquo;opportunit\u00e9 de prendre part \u00e0 cette comp\u00e9tition, il est \u00e0 noter que le <strong>deuxi\u00e8me tour<\/strong> du crit\u00e9rium f\u00e9d\u00e9ral est programm\u00e9 pour le<strong> samedi 2 d\u00e9cembre 2023<\/strong>. Il s&rsquo;agit d&rsquo;une occasion unique de rejoindre la communaut\u00e9 des joueurs de tennis de table du Bas-Rhin et de d\u00e9montrer vos comp\u00e9tences.<\/p>\n","protected":false},"excerpt":{"rendered":"<p>Le samedi 14 octobre 2023 a marqu\u00e9 le d\u00e9but de la saison du crit\u00e9rium f\u00e9d\u00e9ral, avec son premier tour sur les quatre pr\u00e9vus. Cet \u00e9v\u00e9nement a r\u00e9uni 154 joueurs issus de 29 clubs locaux dans un apr\u00e8s-midi de comp\u00e9tition acharn\u00e9e. Les sites de Hochfelden, Obernai, Strasbourg RC et Willgottheim ont accueilli cette premi\u00e8re \u00e9tape de la saison.<\/p>\n","protected":false},"author":2,"featured_media":4158,"comment_status":"open","ping_status":"open","sticky":false,"template":"","format":"standard","meta":{"footnotes":""},"categories":[10],"tags":[],"class_list":["post-4157","post","type-post","status-publish","format-standard","has-post-thumbnail","hentry","category-criterium-federal"],"_links":{"self":[{"href":"https:\/\/cd67tt.com\/index.php\/wp-json\/wp\/v2\/posts\/4157","targetHints":{"allow":["GET"]}}],"collection":[{"href":"https:\/\/cd67tt.com\/index.php\/wp-json\/wp\/v2\/posts"}],"about":[{"href":"https:\/\/cd67tt.com\/index.php\/wp-json\/wp\/v2\/types\/post"}],"author":[{"embeddable":true,"href":"https:\/\/cd67tt.com\/index.php\/wp-json\/wp\/v2\/users\/2"}],"replies":[{"embeddable":true,"href":"https:\/\/cd67tt.com\/index.php\/wp-json\/wp\/v2\/comments?post=4157"}],"version-history":[{"count":3,"href":"https:\/\/cd67tt.com\/index.php\/wp-json\/wp\/v2\/posts\/4157\/revisions"}],"predecessor-version":[{"id":4162,"href":"https:\/\/cd67tt.com\/index.php\/wp-json\/wp\/v2\/posts\/4157\/revisions\/4162"}],"wp:featuredmedia":[{"embeddable":true,"href":"https:\/\/cd67tt.com\/index.php\/wp-json\/wp\/v2\/media\/4158"}],"wp:attachment":[{"href":"https:\/\/cd67tt.com\/index.php\/wp-json\/wp\/v2\/media?parent=4157"}],"wp:term":[{"taxonomy":"category","embeddable":true,"href":"https:\/\/cd67tt.com\/index.php\/wp-json\/wp\/v2\/categories?post=4157"},{"taxonomy":"post_tag","embeddable":true,"href":"https:\/\/cd67tt.com\/index.php\/wp-json\/wp\/v2\/tags?post=4157"}],"curies":[{"name":"wp","href":"https:\/\/api.w.org\/{rel}","templated":true}]}}