{"id":4224,"date":"2023-11-16T18:21:47","date_gmt":"2023-11-16T17:21:47","guid":{"rendered":"https:\/\/cd67tt.com\/?p=4224"},"modified":"2023-11-17T20:24:53","modified_gmt":"2023-11-17T19:24:53","slug":"eclat-dor-sandrine-bres-honoree","status":"publish","type":"post","link":"https:\/\/cd67tt.com\/index.php\/2023\/11\/16\/eclat-dor-sandrine-bres-honoree\/","title":{"rendered":"\u00c9clat d&rsquo;Or : Sandrine BRES, Honor\u00e9e"},"content":{"rendered":"\n<p><strong>Le 11 novembre dernier, lors de l&rsquo;Assembl\u00e9e G\u00e9n\u00e9rale de la Ligue du Grand Est de Tennis de Table \u00e0 Tomblaine, Sandrine BRES membre du Comit\u00e9 D\u00e9partemental de Tennis de Table du Bas-Rhin a \u00e9t\u00e9 honor\u00e9e de la m\u00e9daille d&rsquo;or du M\u00e9rite R\u00e9gional.<\/strong><\/p>\n\n\n\n<p>Son quart de si\u00e8cle de d\u00e9vouement au sein du comit\u00e9 a laiss\u00e9 une marque ineffa\u00e7able, apportant une contribution significative \u00e0 la dynamique du tennis de table bas-rhinois. La remise de la m\u00e9daille, en pr\u00e9sence de personnalit\u00e9s telles que Christophe PORTE et Gilles ERB, a permis de saluer le d\u00e9vouement exemplaire de Sandrine.<\/p>\n\n\n\n<p>Nous adressons nos plus sinc\u00e8res f\u00e9licitations \u00e0 Sandrine BRES. Sa m\u00e9daille d&rsquo;or est le reflet de sa contribution dans le ping bas-rhinois.<\/p>\n\n\n<div class=\"wp-block-image\">\n<figure class=\"aligncenter size-large\"><img loading=\"lazy\" decoding=\"async\" width=\"1024\" height=\"683\" src=\"https:\/\/cd67tt.com\/wp-content\/uploads\/2023\/11\/2023.11.11-AG-LGETT-141-1024x683.jpg\" alt=\"\" class=\"wp-image-4225\" srcset=\"https:\/\/cd67tt.com\/wp-content\/uploads\/2023\/11\/2023.11.11-AG-LGETT-141-1024x683.jpg 1024w, https:\/\/cd67tt.com\/wp-content\/uploads\/2023\/11\/2023.11.11-AG-LGETT-141-300x200.jpg 300w, https:\/\/cd67tt.com\/wp-content\/uploads\/2023\/11\/2023.11.11-AG-LGETT-141-768x512.jpg 768w, https:\/\/cd67tt.com\/wp-content\/uploads\/2023\/11\/2023.11.11-AG-LGETT-141-1536x1024.jpg 1536w, https:\/\/cd67tt.com\/wp-content\/uploads\/2023\/11\/2023.11.11-AG-LGETT-141.jpg 2048w\" sizes=\"auto, (max-width: 1024px) 100vw, 1024px\" \/><figcaption class=\"wp-element-caption\"><em>Sandrine entour\u00e9e de Gilles Erb, Christophe Porte, Jean-Marc Haas Becker et Emmanuel Thiry<\/em><\/figcaption><\/figure>\n<\/div>","protected":false},"excerpt":{"rendered":"<p>Le 11 novembre dernier, lors de l&rsquo;Assembl\u00e9e G\u00e9n\u00e9rale de la Ligue du Grand Est de Tennis de Table \u00e0 Tomblaine, Sandrine BRES membre du Comit\u00e9 D\u00e9partemental de Tennis de Table du Bas-Rhin a \u00e9t\u00e9 honor\u00e9e de la m\u00e9daille d&rsquo;or du M\u00e9rite R\u00e9gional.<\/p>\n","protected":false},"author":2,"featured_media":4226,"comment_status":"open","ping_status":"open","sticky":false,"template":"","format":"standard","meta":{"footnotes":""},"categories":[19],"tags":[],"class_list":["post-4224","post","type-post","status-publish","format-standard","has-post-thumbnail","hentry","category-evenements"],"_links":{"self":[{"href":"https:\/\/cd67tt.com\/index.php\/wp-json\/wp\/v2\/posts\/4224","targetHints":{"allow":["GET"]}}],"collection":[{"href":"https:\/\/cd67tt.com\/index.php\/wp-json\/wp\/v2\/posts"}],"about":[{"href":"https:\/\/cd67tt.com\/index.php\/wp-json\/wp\/v2\/types\/post"}],"author":[{"embeddable":true,"href":"https:\/\/cd67tt.com\/index.php\/wp-json\/wp\/v2\/users\/2"}],"replies":[{"embeddable":true,"href":"https:\/\/cd67tt.com\/index.php\/wp-json\/wp\/v2\/comments?post=4224"}],"version-history":[{"count":1,"href":"https:\/\/cd67tt.com\/index.php\/wp-json\/wp\/v2\/posts\/4224\/revisions"}],"predecessor-version":[{"id":4227,"href":"https:\/\/cd67tt.com\/index.php\/wp-json\/wp\/v2\/posts\/4224\/revisions\/4227"}],"wp:featuredmedia":[{"embeddable":true,"href":"https:\/\/cd67tt.com\/index.php\/wp-json\/wp\/v2\/media\/4226"}],"wp:attachment":[{"href":"https:\/\/cd67tt.com\/index.php\/wp-json\/wp\/v2\/media?parent=4224"}],"wp:term":[{"taxonomy":"category","embeddable":true,"href":"https:\/\/cd67tt.com\/index.php\/wp-json\/wp\/v2\/categories?post=4224"},{"taxonomy":"post_tag","embeddable":true,"href":"https:\/\/cd67tt.com\/index.php\/wp-json\/wp\/v2\/tags?post=4224"}],"curies":[{"name":"wp","href":"https:\/\/api.w.org\/{rel}","templated":true}]}}