{"id":4829,"date":"2024-05-23T16:54:11","date_gmt":"2024-05-23T14:54:11","guid":{"rendered":"https:\/\/cd67tt.com\/?p=4829"},"modified":"2024-05-30T16:54:58","modified_gmt":"2024-05-30T14:54:58","slug":"internationaux-jeunes-de-mulhouse-2024-bilan-des-bas-rhinois","status":"publish","type":"post","link":"https:\/\/cd67tt.com\/index.php\/2024\/05\/23\/internationaux-jeunes-de-mulhouse-2024-bilan-des-bas-rhinois\/","title":{"rendered":"Internationaux Jeunes de Mulhouse 2024 &#8211; Bilan des Bas-Rhinois"},"content":{"rendered":"\n<p>La s\u00e9lection bas-rhinoise a r\u00e9cemment particip\u00e9 aux Internationaux Jeunes de Mulhouse (le 18 et 19 mai 2024), une comp\u00e9tition de bon niveau rassemblant plusieurs \u00e9quipes avec des joueurs de niveau national. Encadr\u00e9s par les coachs Laurent LALA et Laurent ADOLFF, ainsi que par Marc FRIANT, responsable de la d\u00e9l\u00e9gation, nos 7 jeunes pongistes avaient pour objectif principal l&rsquo;apprentissage et le d\u00e9veloppement de leurs comp\u00e9tences face \u00e0 une opposition relev\u00e9e.<\/p>\n\n\n\n<h4 class=\"wp-block-heading\">Cat\u00e9gorie Cadettes<\/h4>\n\n\n\n<ul class=\"wp-block-list\">\n<li><strong>Eva Maerz<\/strong> (Zorn TT Hochfelden) termine \u00e0 la 6\u00e8me place sur 11 participantes avec un total de 5 victoires.<\/li>\n\n\n\n<li><strong>Lucie Bickel<\/strong> (Benfeld Laurentia SSC) se classe 10\u00e8me sur 11.<\/li>\n<\/ul>\n\n\n\n<h4 class=\"wp-block-heading\">Cat\u00e9gorie Benjamines<\/h4>\n\n\n\n<ul class=\"wp-block-list\">\n<li><strong>Agathe<\/strong> <strong>Adolff<\/strong> (Hanau TT) r\u00e9alise une superbe performance en d\u00e9crochant la 3\u00e8me place sur 13 avec 8 victoires sur 9, ne s&rsquo;inclinant que face \u00e0 la gagnante qu&rsquo;elle avait pourtant battue en poule.<\/li>\n<\/ul>\n\n\n\n<h4 class=\"wp-block-heading\">Cat\u00e9gorie Poussines<\/h4>\n\n\n\n<ul class=\"wp-block-list\">\n<li><strong>Alyssa<\/strong> <strong>Lienhardt<\/strong> (EP Schleithal) termine \u00e0 la 8\u00e8me place sur 8.<\/li>\n\n\n\n<li><strong>Ruiyan<\/strong> <strong>Jiang<\/strong> (CA Obernai) se classe 7\u00e8me sur 8.<\/li>\n<\/ul>\n\n\n\n<h4 class=\"wp-block-heading\">Cat\u00e9gorie Cadets<\/h4>\n\n\n\n<ul class=\"wp-block-list\">\n<li><strong>Eliott Maerz<\/strong> (Zorn TT Hochfelden) se hisse \u00e0 la 9\u00e8me place du tableau principal sur 24 participants, un excellent r\u00e9sultat sachant qu&rsquo;il partait dernier en terme de classement.<\/li>\n\n\n\n<li><strong>L\u00e9o<\/strong> <strong>Garcia<\/strong> (SU Schiltigheim TT) obtient la 3\u00e8me place du tableau de consolante sur 16 participants.<\/li>\n<\/ul>\n\n\n\n<p>Il est important de souligner que nos joueurs ont affront\u00e9 une concurrence de tr\u00e8s haut niveau. Les r\u00e9sultats ne refl\u00e8tent pas toujours leur potentiel et leur d\u00e9termination, mais l&rsquo;exp\u00e9rience acquise est inestimable. Cette comp\u00e9tition a \u00e9t\u00e9 une opportunit\u00e9 pr\u00e9cieuse pour nos jeunes athl\u00e8tes de se mesurer \u00e0 des adversaires aguerris et de progresser dans leur parcours sportif.<\/p>\n\n\n\n<p>Nous tenons \u00e0 remercier chaleureusement les coachs Laurent LALA et Laurent ADOLFF pour leur engagement et leur accompagnement tout au long de cette comp\u00e9tition. Un grand merci \u00e9galement \u00e0 Marc FRIANT, responsable de la d\u00e9l\u00e9gation, pour son organisation et son soutien pr\u00e9cieux.<\/p>\n\n\n\n<p>F\u00e9licitations \u00e0 tous les participants pour leur engagement et leurs efforts ! Continuez \u00e0 travailler dur et \u00e0 viser l&rsquo;excellence, les r\u00e9sultats suivront. Nous sommes fiers de vous et de l&rsquo;image positive que vous avez donn\u00e9e du CD67TT.<\/p>\n","protected":false},"excerpt":{"rendered":"<p>La s\u00e9lection bas-rhinoise a r\u00e9cemment particip\u00e9 aux Internationaux Jeunes de Mulhouse (le 18 et 19 mai 2024), une comp\u00e9tition de bon niveau rassemblant plusieurs \u00e9quipes avec des joueurs de niveau national. <\/p>\n","protected":false},"author":2,"featured_media":4830,"comment_status":"open","ping_status":"open","sticky":false,"template":"","format":"standard","meta":{"footnotes":""},"categories":[16],"tags":[],"class_list":["post-4829","post","type-post","status-publish","format-standard","has-post-thumbnail","hentry","category-internationaux-jeunes-de-mulhouse"],"_links":{"self":[{"href":"https:\/\/cd67tt.com\/index.php\/wp-json\/wp\/v2\/posts\/4829","targetHints":{"allow":["GET"]}}],"collection":[{"href":"https:\/\/cd67tt.com\/index.php\/wp-json\/wp\/v2\/posts"}],"about":[{"href":"https:\/\/cd67tt.com\/index.php\/wp-json\/wp\/v2\/types\/post"}],"author":[{"embeddable":true,"href":"https:\/\/cd67tt.com\/index.php\/wp-json\/wp\/v2\/users\/2"}],"replies":[{"embeddable":true,"href":"https:\/\/cd67tt.com\/index.php\/wp-json\/wp\/v2\/comments?post=4829"}],"version-history":[{"count":1,"href":"https:\/\/cd67tt.com\/index.php\/wp-json\/wp\/v2\/posts\/4829\/revisions"}],"predecessor-version":[{"id":4831,"href":"https:\/\/cd67tt.com\/index.php\/wp-json\/wp\/v2\/posts\/4829\/revisions\/4831"}],"wp:featuredmedia":[{"embeddable":true,"href":"https:\/\/cd67tt.com\/index.php\/wp-json\/wp\/v2\/media\/4830"}],"wp:attachment":[{"href":"https:\/\/cd67tt.com\/index.php\/wp-json\/wp\/v2\/media?parent=4829"}],"wp:term":[{"taxonomy":"category","embeddable":true,"href":"https:\/\/cd67tt.com\/index.php\/wp-json\/wp\/v2\/categories?post=4829"},{"taxonomy":"post_tag","embeddable":true,"href":"https:\/\/cd67tt.com\/index.php\/wp-json\/wp\/v2\/tags?post=4829"}],"curies":[{"name":"wp","href":"https:\/\/api.w.org\/{rel}","templated":true}]}}