{"id":4878,"date":"2024-06-28T15:44:57","date_gmt":"2024-06-28T13:44:57","guid":{"rendered":"https:\/\/cd67tt.com\/?p=4878"},"modified":"2024-09-10T16:27:10","modified_gmt":"2024-09-10T14:27:10","slug":"bilan-des-journees-finales","status":"publish","type":"post","link":"https:\/\/cd67tt.com\/index.php\/2024\/06\/28\/bilan-des-journees-finales\/","title":{"rendered":"Bilan des Journ\u00e9es Finales"},"content":{"rendered":"\n<h3 class=\"wp-block-heading\"><strong>Journ\u00e9es finales 2023-2024 : Un d\u00e9but prometteur !<\/strong><\/h3>\n\n\n\n<h4 class=\"wp-block-heading\"><strong>Comp\u00e9titions FFTT &#8211; \u00c9quipes Seniors<\/strong><\/h4>\n\n\n\n<p>Les quarts de finale se sont d\u00e9roul\u00e9s vendredi soir dernier \u00e0 Griesheim. De belles performances ont marqu\u00e9 cette soir\u00e9e, notamment en <strong>GE7 \u2013 2\u00e8me Phase<\/strong>, o\u00f9 <strong>8 \u00e9quipes bas-rhinoises<\/strong> se sont distingu\u00e9es en terminant \u00e0 la premi\u00e8re place de leurs poules. F\u00e9licitations \u00e0 elles !<\/p>\n\n\n\n<ul class=\"wp-block-list\">\n<li><strong>APIG 4<\/strong> bat <strong>CHEMINOTS 2<\/strong> : 6 &#8211; 2<\/li>\n\n\n\n<li><strong>SCHLEITHAL 4<\/strong> bat <strong>SARRE-UNION 4<\/strong> : 6 &#8211; 2<\/li>\n\n\n\n<li><strong>VAL DE MODER 2<\/strong> bat <strong>BOOTZHEIM 3<\/strong> : 6 &#8211; 2<\/li>\n\n\n\n<li><strong>BETSCHDORF 3<\/strong> bat <strong>WOLXHEIM 3<\/strong> : 6 &#8211; 1<\/li>\n<\/ul>\n\n\n\n<p>En <strong>GE<\/strong>, 6 \u00e9quipes se sont affront\u00e9es pour conqu\u00e9rir le titre. Le tirage au sort a qualifi\u00e9 directement <strong>BENFELD 4<\/strong> et <strong>SCHLEITHAL 1<\/strong> pour les demi-finales, laissant ainsi deux quarts de finale \u00e0 jouer pour d\u00e9terminer leurs futurs adversaires :<\/p>\n\n\n\n<ul class=\"wp-block-list\">\n<li><strong>BARR 5<\/strong> bat <strong>SEM TT 5<\/strong> : 8 &#8211; 1<\/li>\n\n\n\n<li><strong>ZORN 4<\/strong> bat <strong>SCHLEITHAL 3<\/strong> : 8 &#8211; 0<\/li>\n<\/ul>\n\n\n\n<p>\u00c0 l\u2019issue des matchs, un moment convivial a \u00e9t\u00e9 partag\u00e9 autour d&rsquo;un verre de l&rsquo;amiti\u00e9, offert par le Comit\u00e9 et pr\u00e9par\u00e9 par le Club du TT Griesheim. Toutes ces \u00e9quipes se retrouveront \u00e0 <strong>Benfeld le 7 mai<\/strong> pour les demi-finales.<\/p>\n\n\n\n<hr class=\"wp-block-separator has-alpha-channel-opacity\"\/>\n\n\n\n<h3 class=\"wp-block-heading\"><strong>Finales des Coupes du Bas-Rhin : Samedi 24 mai 2024 \u00e0 Illkirch<\/strong><\/h3>\n\n\n\n<p>Cette ann\u00e9e, gr\u00e2ce \u00e0 un plus grand nombre d&rsquo;\u00e9quipes engag\u00e9es, une nouveaut\u00e9 a vu le jour : les premiers et seconds des s\u00e9ries 5-9, 5-12, 5-15 et toutes cat\u00e9gories se retrouveront pour une journ\u00e9e finale.<\/p>\n\n\n\n<p>La matin\u00e9e a \u00e9t\u00e9 marqu\u00e9e par <strong>6 demi-finales<\/strong> tr\u00e8s disput\u00e9es :<\/p>\n\n\n\n<p><strong>S\u00e9rie 5-9 :<\/strong><\/p>\n\n\n\n<ul class=\"wp-block-list\">\n<li><strong>ZORN TT<\/strong> bat <strong>CA ROSHEIM<\/strong> : 3 &#8211; 2<br>(Maerz-Maerz vs Le Rider-Riss)<\/li>\n\n\n\n<li><strong>RC STRASBOURG<\/strong> bat <strong>AP ILLKIRCH-GRAFFENSTADEN<\/strong> : 4 &#8211; 0<br>(Awad-Schmitt vs Laurent-Marques)<\/li>\n<\/ul>\n\n\n\n<p><strong>S\u00e9rie 5-12 :<\/strong><\/p>\n\n\n\n<ul class=\"wp-block-list\">\n<li><strong>KOCHERSBERG TT<\/strong> bat <strong>BRUMATH<\/strong> : 3 &#8211; 0<br>(Jardine-Jule vs Krettnich-Krettnich)<\/li>\n\n\n\n<li><strong>CA ESCHAU<\/strong> bat <strong>BEINHEIM<\/strong> : 3 &#8211; 2<br>(Fohr-Wey vs Albrecht-Rinie)<\/li>\n<\/ul>\n\n\n\n<p><strong>S\u00e9rie 5-15 :<\/strong><\/p>\n\n\n\n<ul class=\"wp-block-list\">\n<li><strong>ENT RCS\/SEMTT<\/strong> bat <strong>ROSHEIM<\/strong> : 3 &#8211; 0<br>(Eussner-Knittel vs Jamin-Schmitt)<\/li>\n\n\n\n<li>Jou\u00e9 par anticipation : <strong>RCS<\/strong> bat <strong>ESCHAU<\/strong> : 3 &#8211; 2<br>(P\u00e9cheux-Werner vs Baumann-Fohr)<\/li>\n<\/ul>\n\n\n\n<p>Apr\u00e8s ces rencontres intenses, un barbecue bien m\u00e9rit\u00e9 a \u00e9t\u00e9 propos\u00e9 par le Pr\u00e9sident M. Gross et son \u00e9quipe. Le succ\u00e8s fut tel qu\u2019un ravitaillement d\u2019urgence a \u00e9t\u00e9 n\u00e9cessaire !<\/p>\n\n\n\n<p>L\u2019apr\u00e8s-midi a vu se d\u00e9rouler <strong>3 finales<\/strong> :<\/p>\n\n\n\n<ul class=\"wp-block-list\">\n<li><strong>S\u00e9rie 5-9<\/strong> : <strong>ZORN TT<\/strong> bat <strong>RC STRASBOURG<\/strong> : 3 &#8211; 2<br>(Maerz-Maerz vs Awad-Schmitt)<\/li>\n\n\n\n<li><strong>S\u00e9rie 5-12<\/strong> : <strong>KOCHERSBERG TT<\/strong> bat <strong>ESCHAU<\/strong> : 3 &#8211; 1<br>(Jardine-Jule vs Fohr-Wey)<\/li>\n\n\n\n<li><strong>S\u00e9rie 5-15<\/strong> : <strong>ENT RCS\/SEMTT<\/strong> bat <strong>RC STRASBOURG<\/strong> : 4 &#8211; 1<br>(Eussner-Knittel vs Boesinger-P\u00e9cheux)<\/li>\n<\/ul>\n\n\n\n<p><strong>Toutes cat\u00e9gories<\/strong> : <strong>TT BARR<\/strong> bat <strong>KOCHERSBERG TT<\/strong> : 4 &#8211; 1<br>(Mellul-Rudolf vs Hey-Roy)<\/p>\n\n\n\n<p>Enfin, en <strong>s\u00e9rie 5-6<\/strong>, disput\u00e9e sous forme de poule unique avec 5 \u00e9quipes, la paire <strong>Eva et Elliot Maerz<\/strong> du <strong>ZORN TT<\/strong> visera le doubl\u00e9 lors de leur dernier match contre <strong>KOCHERSBERG TT4<\/strong> de <strong>Boris Choque<\/strong> et <strong>Paul Muller<\/strong>.<\/p>\n\n\n\n<p>Cette belle comp\u00e9tition laisse pr\u00e9sager une saison 2024-2025 pleine de promesses. Avis aux amateurs !<\/p>\n\n\n\n<figure class=\"wp-block-gallery has-nested-images columns-default is-cropped wp-block-gallery-1 is-layout-flex wp-block-gallery-is-layout-flex\">\n<figure class=\"wp-block-image size-large\"><img loading=\"lazy\" decoding=\"async\" width=\"768\" height=\"1024\" data-id=\"4880\" src=\"https:\/\/cd67tt.com\/wp-content\/uploads\/2024\/09\/SERIE-TTE-CAT-768x1024.jpg\" alt=\"\" class=\"wp-image-4880\" srcset=\"https:\/\/cd67tt.com\/wp-content\/uploads\/2024\/09\/SERIE-TTE-CAT-768x1024.jpg 768w, https:\/\/cd67tt.com\/wp-content\/uploads\/2024\/09\/SERIE-TTE-CAT-225x300.jpg 225w, https:\/\/cd67tt.com\/wp-content\/uploads\/2024\/09\/SERIE-TTE-CAT-1152x1536.jpg 1152w, https:\/\/cd67tt.com\/wp-content\/uploads\/2024\/09\/SERIE-TTE-CAT-1536x2048.jpg 1536w, https:\/\/cd67tt.com\/wp-content\/uploads\/2024\/09\/SERIE-TTE-CAT-scaled.jpg 1920w\" sizes=\"auto, (max-width: 768px) 100vw, 768px\" \/><\/figure>\n\n\n\n<figure class=\"wp-block-image size-large\"><img loading=\"lazy\" decoding=\"async\" width=\"768\" height=\"1024\" data-id=\"4881\" src=\"https:\/\/cd67tt.com\/wp-content\/uploads\/2024\/09\/SERIE-5-9-768x1024.jpg\" alt=\"\" class=\"wp-image-4881\" srcset=\"https:\/\/cd67tt.com\/wp-content\/uploads\/2024\/09\/SERIE-5-9-768x1024.jpg 768w, https:\/\/cd67tt.com\/wp-content\/uploads\/2024\/09\/SERIE-5-9-225x300.jpg 225w, https:\/\/cd67tt.com\/wp-content\/uploads\/2024\/09\/SERIE-5-9-1152x1536.jpg 1152w, https:\/\/cd67tt.com\/wp-content\/uploads\/2024\/09\/SERIE-5-9-1536x2048.jpg 1536w, https:\/\/cd67tt.com\/wp-content\/uploads\/2024\/09\/SERIE-5-9-scaled.jpg 1920w\" sizes=\"auto, (max-width: 768px) 100vw, 768px\" \/><\/figure>\n\n\n\n<figure class=\"wp-block-image size-large\"><img loading=\"lazy\" decoding=\"async\" width=\"768\" height=\"1024\" data-id=\"4882\" src=\"https:\/\/cd67tt.com\/wp-content\/uploads\/2024\/09\/SERIE-5-12-768x1024.jpg\" alt=\"\" class=\"wp-image-4882\" srcset=\"https:\/\/cd67tt.com\/wp-content\/uploads\/2024\/09\/SERIE-5-12-768x1024.jpg 768w, https:\/\/cd67tt.com\/wp-content\/uploads\/2024\/09\/SERIE-5-12-225x300.jpg 225w, https:\/\/cd67tt.com\/wp-content\/uploads\/2024\/09\/SERIE-5-12-1152x1536.jpg 1152w, https:\/\/cd67tt.com\/wp-content\/uploads\/2024\/09\/SERIE-5-12-1536x2048.jpg 1536w, https:\/\/cd67tt.com\/wp-content\/uploads\/2024\/09\/SERIE-5-12-scaled.jpg 1920w\" sizes=\"auto, (max-width: 768px) 100vw, 768px\" \/><\/figure>\n\n\n\n<figure class=\"wp-block-image size-large\"><img loading=\"lazy\" decoding=\"async\" width=\"768\" height=\"1024\" data-id=\"4883\" src=\"https:\/\/cd67tt.com\/wp-content\/uploads\/2024\/09\/SERIE-5-15-768x1024.jpg\" alt=\"\" class=\"wp-image-4883\" srcset=\"https:\/\/cd67tt.com\/wp-content\/uploads\/2024\/09\/SERIE-5-15-768x1024.jpg 768w, https:\/\/cd67tt.com\/wp-content\/uploads\/2024\/09\/SERIE-5-15-225x300.jpg 225w, https:\/\/cd67tt.com\/wp-content\/uploads\/2024\/09\/SERIE-5-15-1152x1536.jpg 1152w, https:\/\/cd67tt.com\/wp-content\/uploads\/2024\/09\/SERIE-5-15-1536x2048.jpg 1536w, https:\/\/cd67tt.com\/wp-content\/uploads\/2024\/09\/SERIE-5-15-scaled.jpg 1920w\" sizes=\"auto, (max-width: 768px) 100vw, 768px\" \/><\/figure>\n<\/figure>\n","protected":false},"excerpt":{"rendered":"<p>Cette belle comp\u00e9tition laisse pr\u00e9sager une saison 2024-2025 pleine de promesses. Avis aux amateurs !<\/p>\n","protected":false},"author":2,"featured_media":4879,"comment_status":"open","ping_status":"open","sticky":false,"template":"","format":"standard","meta":{"footnotes":""},"categories":[5],"tags":[],"class_list":["post-4878","post","type-post","status-publish","format-standard","has-post-thumbnail","hentry","category-coupes-du-bas-rhin"],"_links":{"self":[{"href":"https:\/\/cd67tt.com\/index.php\/wp-json\/wp\/v2\/posts\/4878","targetHints":{"allow":["GET"]}}],"collection":[{"href":"https:\/\/cd67tt.com\/index.php\/wp-json\/wp\/v2\/posts"}],"about":[{"href":"https:\/\/cd67tt.com\/index.php\/wp-json\/wp\/v2\/types\/post"}],"author":[{"embeddable":true,"href":"https:\/\/cd67tt.com\/index.php\/wp-json\/wp\/v2\/users\/2"}],"replies":[{"embeddable":true,"href":"https:\/\/cd67tt.com\/index.php\/wp-json\/wp\/v2\/comments?post=4878"}],"version-history":[{"count":1,"href":"https:\/\/cd67tt.com\/index.php\/wp-json\/wp\/v2\/posts\/4878\/revisions"}],"predecessor-version":[{"id":4884,"href":"https:\/\/cd67tt.com\/index.php\/wp-json\/wp\/v2\/posts\/4878\/revisions\/4884"}],"wp:featuredmedia":[{"embeddable":true,"href":"https:\/\/cd67tt.com\/index.php\/wp-json\/wp\/v2\/media\/4879"}],"wp:attachment":[{"href":"https:\/\/cd67tt.com\/index.php\/wp-json\/wp\/v2\/media?parent=4878"}],"wp:term":[{"taxonomy":"category","embeddable":true,"href":"https:\/\/cd67tt.com\/index.php\/wp-json\/wp\/v2\/categories?post=4878"},{"taxonomy":"post_tag","embeddable":true,"href":"https:\/\/cd67tt.com\/index.php\/wp-json\/wp\/v2\/tags?post=4878"}],"curies":[{"name":"wp","href":"https:\/\/api.w.org\/{rel}","templated":true}]}}