{"id":4900,"date":"2024-09-25T15:46:19","date_gmt":"2024-09-25T13:46:19","guid":{"rendered":"https:\/\/cd67tt.com\/?p=4900"},"modified":"2024-09-30T11:47:34","modified_gmt":"2024-09-30T09:47:34","slug":"assemblee-generale-2024-convocation","status":"publish","type":"post","link":"https:\/\/cd67tt.com\/index.php\/2024\/09\/25\/assemblee-generale-2024-convocation\/","title":{"rendered":"Assembl\u00e9e G\u00e9n\u00e9rale 2024 &#8211; Convocation"},"content":{"rendered":"\n<p>Chers membres du Comit\u00e9 D\u00e9partemental de Tennis de Table du Bas-Rhin,<\/p>\n\n\n\n<p>Nous avons le plaisir de vous convoquer \u00e0 notre <strong>Assembl\u00e9e G\u00e9n\u00e9rale<\/strong> annuelle, qui se tiendra le <strong>28 septembre 2024<\/strong> \u00e0 <strong>10h30<\/strong> \u00e0 la <strong>Maison des Sports du Bas-Rhin<\/strong> (4, rue Jean Mentelin \u2013 67035 STRASBOURG). Cette r\u00e9union rev\u00eat une importance capitale pour notre organisation, car elle permettra de discuter des progr\u00e8s r\u00e9alis\u00e9s au cours de la saison pass\u00e9e, d\u2019adopter le budget pour l\u2019exercice 2024\/2025, et d\u2019\u00e9lire un nouveau comit\u00e9.<\/p>\n\n\n\n<p>Veuillez trouver ci-dessous les documents n\u00e9cessaires pour l\u2019Assembl\u00e9e G\u00e9n\u00e9rale :<\/p>\n\n\n\n<p><strong>1. Convocation<\/strong> : Ce document contient les d\u00e9tails essentiels de la r\u00e9union, y compris la date, l\u2019heure et le lieu. Assurez-vous de prendre connaissance de ces informations pour que vous puissiez y assister en toute connaissance de cause.<\/p>\n\n\n\n<p><strong>2. Pouvoir<\/strong> : En cas d\u2019indisponibilit\u00e9, vous pouvez donner procuration \u00e0 un membre de votre club pour vous repr\u00e9senter lors de l\u2019Assembl\u00e9e G\u00e9n\u00e9rale. Veuillez noter que chaque club ne peut \u00eatre repr\u00e9sent\u00e9 que par un membre.<\/p>\n\n\n\n<p><strong>3. Fiche de candidature <\/strong>: Si vous souhaitez vous porter candidat pour int\u00e9grer le comit\u00e9 ou si vous connaissez quelqu\u2019un qui le souhaite, veuillez remplir la fiche de candidature et la soumettre lors de la r\u00e9union.<\/p>\n\n\n\n<p><strong>4. Compte de r\u00e9sultat analytique 23\/24 avec budget 24\/25<\/strong> : Vous trouverez dans ce document un aper\u00e7u d\u00e9taill\u00e9 de nos finances pour la saison pass\u00e9e, ainsi que le budget propos\u00e9 pour l\u2019exercice 2024\/2025.<\/p>\n\n\n\n<p>En outre, nous tenons \u00e0 vous rappeler les liens pr\u00e9c\u00e9demment partag\u00e9s pour r\u00e9pondre \u00e0 d\u2019autres questions importantes :<\/p>\n\n\n\n<ul class=\"wp-block-list\">\n<li><a href=\"https:\/\/forms.gle\/o5TabJNy2WXUgqSv8\" target=\"_blank\" rel=\"noreferrer noopener\">Appel \u00e0 candidature de clubs organisateurs<\/a> : Si votre club souhaite organiser des \u00e9v\u00e9nements ou des comp\u00e9titions, veuillez r\u00e9pondre \u00e0 cet appel \u00e0 candidature.<\/li>\n\n\n\n<li><a href=\"https:\/\/www.helloasso.com\/associations\/comite-departemental-de-tennis-de-table-du-bas-rhi\/adhesions\/affiliation-24-25-cdtt67\" target=\"_blank\" rel=\"noreferrer noopener\">Affiliation au comit\u00e9 24\/25 et son paiement<\/a> : N\u2019oubliez pas de vous affilier pour la saison 2024\/2025 en suivant le lien fourni.<\/li>\n\n\n\n<li><a href=\"https:\/\/www.helloasso.com\/associations\/comite-departemental-de-tennis-de-table-du-bas-rhi\/adhesions\/cdtt67-engagement-corpos-24-25\" target=\"_blank\" rel=\"noreferrer noopener\">Engagement des \u00e9quipes corpos<\/a> : Les \u00e9quipes corporatives peuvent s\u2019engager pour la saison 2024\/2025 en utilisant ce lien.<\/li>\n<\/ul>\n\n\n\n<p>Nous vous encourageons tous \u00e0 participer activement \u00e0 cette Assembl\u00e9e G\u00e9n\u00e9rale, car votre pr\u00e9sence et votre engagement sont essentiels pour le succ\u00e8s continu de notre comit\u00e9. Nous esp\u00e9rons vous voir nombreux et sommes impatients de discuter des futurs projets et des d\u00e9fis qui nous attendent.<\/p>\n\n\n\n<p>En attendant, nous vous souhaitons un bon lancement de vos activit\u00e9s et esp\u00e9rons vous retrouver en pleine forme \u00e0 notre Assembl\u00e9e G\u00e9n\u00e9rale.<\/p>\n\n\n\n<p>Cordialement,<\/p>\n\n\n\n<p><em>Nicolas VEJUX<\/em><em><br>Pr\u00e9sident du CD67TT<\/em><\/p>\n\n\n\n<hr class=\"wp-block-separator has-alpha-channel-opacity\"\/>\n\n\n\n<div class=\"wp-block-file\"><a id=\"wp-block-file--media-0bb950b0-9e1f-49cd-b385-a3ecb80ec52a\" href=\"https:\/\/cd67tt.com\/wp-content\/uploads\/2024\/09\/Convocation-AG-CDTT67-28-sept.2024.pdf\">Convocation AG CDTT67 28 sept.2024<\/a><a href=\"https:\/\/cd67tt.com\/wp-content\/uploads\/2024\/09\/Convocation-AG-CDTT67-28-sept.2024.pdf\" class=\"wp-block-file__button wp-element-button\" download aria-describedby=\"wp-block-file--media-0bb950b0-9e1f-49cd-b385-a3ecb80ec52a\">T\u00e9l\u00e9charger<\/a><\/div>\n\n\n\n<div style=\"height:15px\" aria-hidden=\"true\" class=\"wp-block-spacer\"><\/div>\n\n\n\n<div class=\"wp-block-file\"><a id=\"wp-block-file--media-674c6eb1-9004-4c5f-aab3-b3c9f11183cd\" href=\"https:\/\/cd67tt.com\/wp-content\/uploads\/2024\/09\/CDTT67-PRES-ANAL-2324-et-BG-2425.pdf\">CDTT67 PRES ANAL 2324 et BG 2425<\/a><a href=\"https:\/\/cd67tt.com\/wp-content\/uploads\/2024\/09\/CDTT67-PRES-ANAL-2324-et-BG-2425.pdf\" class=\"wp-block-file__button wp-element-button\" download aria-describedby=\"wp-block-file--media-674c6eb1-9004-4c5f-aab3-b3c9f11183cd\">T\u00e9l\u00e9charger<\/a><\/div>\n\n\n\n<div style=\"height:15px\" aria-hidden=\"true\" class=\"wp-block-spacer\"><\/div>\n\n\n\n<div class=\"wp-block-file\"><a id=\"wp-block-file--media-1e341888-f6de-4765-8ce8-0510262010a5\" href=\"https:\/\/cd67tt.com\/wp-content\/uploads\/2024\/09\/CD67-TT-Fiche-candidature-092024.docx\">CD67 TT Fiche candidature 092024<\/a><a href=\"https:\/\/cd67tt.com\/wp-content\/uploads\/2024\/09\/CD67-TT-Fiche-candidature-092024.docx\" class=\"wp-block-file__button wp-element-button\" download aria-describedby=\"wp-block-file--media-1e341888-f6de-4765-8ce8-0510262010a5\">T\u00e9l\u00e9charger<\/a><\/div>\n\n\n\n<div style=\"height:15px\" aria-hidden=\"true\" class=\"wp-block-spacer\"><\/div>\n\n\n\n<div class=\"wp-block-file\"><a id=\"wp-block-file--media-297ebd15-c08c-46b7-9792-08d6f7336737\" href=\"https:\/\/cd67tt.com\/wp-content\/uploads\/2024\/09\/CD67TT-Pouvoir-AG-28092024.docx\">CD67TT Pouvoir AG 28092024<\/a><a href=\"https:\/\/cd67tt.com\/wp-content\/uploads\/2024\/09\/CD67TT-Pouvoir-AG-28092024.docx\" class=\"wp-block-file__button wp-element-button\" download aria-describedby=\"wp-block-file--media-297ebd15-c08c-46b7-9792-08d6f7336737\">T\u00e9l\u00e9charger<\/a><\/div>\n","protected":false},"excerpt":{"rendered":"<p>Nous avons le plaisir de vous convoquer \u00e0 notre Assembl\u00e9e G\u00e9n\u00e9rale annuelle, qui se tiendra le 28 septembre 2024 \u00e0 10h30 \u00e0 la Maison des Sports du Bas-Rhin (4, rue Jean Mentelin \u2013 67035 STRASBOURG).<\/p>\n","protected":false},"author":2,"featured_media":4916,"comment_status":"open","ping_status":"open","sticky":false,"template":"","format":"standard","meta":{"footnotes":""},"categories":[6],"tags":[],"class_list":["post-4900","post","type-post","status-publish","format-standard","has-post-thumbnail","hentry","category-assemblee-generale"],"_links":{"self":[{"href":"https:\/\/cd67tt.com\/index.php\/wp-json\/wp\/v2\/posts\/4900","targetHints":{"allow":["GET"]}}],"collection":[{"href":"https:\/\/cd67tt.com\/index.php\/wp-json\/wp\/v2\/posts"}],"about":[{"href":"https:\/\/cd67tt.com\/index.php\/wp-json\/wp\/v2\/types\/post"}],"author":[{"embeddable":true,"href":"https:\/\/cd67tt.com\/index.php\/wp-json\/wp\/v2\/users\/2"}],"replies":[{"embeddable":true,"href":"https:\/\/cd67tt.com\/index.php\/wp-json\/wp\/v2\/comments?post=4900"}],"version-history":[{"count":4,"href":"https:\/\/cd67tt.com\/index.php\/wp-json\/wp\/v2\/posts\/4900\/revisions"}],"predecessor-version":[{"id":4911,"href":"https:\/\/cd67tt.com\/index.php\/wp-json\/wp\/v2\/posts\/4900\/revisions\/4911"}],"wp:featuredmedia":[{"embeddable":true,"href":"https:\/\/cd67tt.com\/index.php\/wp-json\/wp\/v2\/media\/4916"}],"wp:attachment":[{"href":"https:\/\/cd67tt.com\/index.php\/wp-json\/wp\/v2\/media?parent=4900"}],"wp:term":[{"taxonomy":"category","embeddable":true,"href":"https:\/\/cd67tt.com\/index.php\/wp-json\/wp\/v2\/categories?post=4900"},{"taxonomy":"post_tag","embeddable":true,"href":"https:\/\/cd67tt.com\/index.php\/wp-json\/wp\/v2\/tags?post=4900"}],"curies":[{"name":"wp","href":"https:\/\/api.w.org\/{rel}","templated":true}]}}